{"id":47408,"date":"2020-09-22T15:22:03","date_gmt":"2020-09-22T13:22:03","guid":{"rendered":"https:\/\/www.messinaoggi.it\/website\/?p=47408"},"modified":"2020-09-22T15:22:03","modified_gmt":"2020-09-22T13:22:03","slug":"bomba-irccs-neurolesi-voglio-consegnarlo-a-una-fondazione-uil-e-uil-fpl-dicono-no","status":"publish","type":"post","link":"https:\/\/www.messinaoggi.it\/website\/2020\/09\/22\/bomba-irccs-neurolesi-voglio-consegnarlo-a-una-fondazione-uil-e-uil-fpl-dicono-no\/","title":{"rendered":"Bomba-Irccs Neurolesi, vogliono consegnarlo a una Fondazione: Uil e Uil-Fpl dicono di no"},"content":{"rendered":"<div style=\"text-align: justify;\">La Uil e la Uil-Fpl di Messina, con una missiva indirizzata al ministro della Salute, <strong>Roberto Speranza<\/strong>, al governatore di Sicilia, <strong>Nello Musumeci<\/strong>, all\u2019assessore regionale alla Salute, <strong>Ruggero Razza<\/strong>, al presidente della VI Commissione regionale, <strong>Margherita La Rocca Ruvolo<\/strong> e per conoscenza al direttore generale dell\u2019Irccs-Neurolesi, <strong>Vincenzo Barone<\/strong>, chiedono chiarimenti riguardo la possibile trasformazione dell\u2019Irccs-Neurolesi in Fondazione a capitale pubblico-privato. La nota dai toni molto forti \u00e8 firmata da <strong>Ivan Tripodi<\/strong>, segretario generale della Uil Messina, <strong>Pippo Calapai<\/strong> e <strong>Corrado Lamanna<\/strong>, rispettivamente segretario generale e coordinatore provinciale area medica della Uil-Fpl Messina.<\/div>\n<div><img loading=\"lazy\" class=\"alignnone wp-image-47257\" src=\"https:\/\/www.messinaoggi.it\/website\/wp-content\/uploads\/2020\/09\/5B060CAA-9254-4190-98FC-DCF60E02ED94-300x225.jpeg\" alt=\"\" width=\"1335\" height=\"1001\" \/><\/div>\n<div style=\"text-align: justify;\"><\/div>\n<div style=\"text-align: justify;\">Ecco il testo della nota inviata dai dirigenti sindacali.<\/div>\n<div style=\"text-align: justify;\">\u201c<em>La UIL e la UILFPL di Messina, presa visione della nota prot. N.11199 del 16\/09\/2020 dell\u2019IRCCS Neurolesi Bonino Pulejo di Messina e della nota di riscontro alla stessa del 9\/09\/2020 del Ministero della Salute, hanno appreso che il Direttore Generale ed il Direttore Scientifico del predetto Istituto hanno inviato al Ministero della Salute una richiesta di trasformazione dell\u2019IRCCS Neurolesi in Fondazione.<\/em><\/div>\n<div style=\"text-align: justify;\"><em>Tale richiesta ha suscitato notevolissime preoccupazioni tra i numerosissimi lavoratori dell\u2019IRCCS Neurolesi di Messina.<\/em><\/div>\n<div style=\"text-align: justify;\"><em>Infatti, non si spiega lo sfrenato movimentismo, specie del Direttore Scientifico dell\u2019IRCCS prof. Bramanti, gi\u00e0 in quiescenza e il cui incarico di Direttore Scientifico scadr\u00e0 tra pochissimi mesi, il quale, per altro, \u00e8 stato il protagonista della ormai ben nota questione riguardante l\u2019APP Sicilia Sicura e, recentemente, ha inspiegabilmente chiesto la chiusura dei centri Spoke di neuro-riabilitazione siciliani gestiti dall\u2019IRCCS Neurolesi di Messina.<\/em><\/div>\n<div style=\"text-align: justify;\"><em>E\u2019 opportuno ricordare che l\u2019IRCCS Neurolesi di Messina \u00e8 un Ente Pubblico che, a seguito della legge regionale n. 24\/2015, ha assorbito l\u2019Ospedale Piemonte.<\/em><\/div>\n<div style=\"text-align: justify;\"><em>Tale ospedale, non dimentichiamolo, \u00e8 stato salvato grazie all\u2019impegno profuso da migliaia di cittadini messinesi che, a seguito di una straordinaria mobilitazione popolare, hanno ottenuto dall\u2019Ars l\u2019approvazione, pressoch\u00e8 unanime, della citata legge n. 24\/2015.<\/em><\/div>\n<div><img loading=\"lazy\" class=\"size-medium wp-image-47261 alignleft\" src=\"https:\/\/www.messinaoggi.it\/website\/wp-content\/uploads\/2020\/09\/BDB1FB67-7CC7-4771-9DE4-B3B66CB9C62A-300x225.jpeg\" alt=\"\" width=\"300\" height=\"225\" \/><\/div>\n<div style=\"text-align: justify;\"><em>L\u2019eventuale trasformazione dell\u2019IRCCS in Fondazione garantir\u00e0 l\u2019esistenza dell\u2019Ospedale Piemonte? Noi temiamo di NO.<\/em><\/div>\n<div style=\"text-align: justify;\"><em>Si fa, inoltre, presente che l\u2019art. 2 del Decreto Legislativo 288\/2003 prevede la trasformazione degli IRCCS in Fondazioni solo ed esclusivamente per quelli esistenti alla data in vigore della Legge n. 3 del 16\/01\/2003, mentre l\u2019IRCCS Neurolesi di Messina \u00e8 stato riconosciuto in data 4 marzo 2006.<\/em><\/div>\n<div style=\"text-align: justify;\"><em>Le Fondazioni avranno natura giuridica pubblica, per\u00f2 saranno aperte alla partecipazione di soggetti pubblici e privati e saranno gestite da un Consiglio di amministrazione con rappresentanti delle Istituzioni Pubbliche e Private.<\/em><\/div>\n<div style=\"text-align: justify;\"><em>Non vorremmo minimamente immaginare che chi esce dalla porta intenda entrare dalla finestra\u2026!<\/em><\/div>\n<div style=\"text-align: justify;\"><em>Appare, quindi, chiara la risposta del Ministero della Salute che evidenzia come per la fattispecie della trasformazione degli IRCCS in Fondazione non esistono casi analoghi, passando la palla direttamente alla Regione Sicilia.<\/em><\/div>\n<div style=\"text-align: justify;\"><em>Pertanto, manifestiamo la nostra forte preoccupazione per una questione che investe il tessuto sociale della citt\u00e0 di Messina.<\/em><\/div>\n<div style=\"text-align: justify;\"><em>In tal senso, ci domandiamo: chi pensa di ottenere giovamento o benefici da tale proposta?<\/em><\/div>\n<div style=\"text-align: justify;\"><em>Forse i privati che entreranno a far parte della Fondazione?<\/em><\/div>\n<div style=\"text-align: justify;\"><em>Tenuto conto degli enormi timori che accompagnano la preoccupante operazione, appare opportuno non dimenticare che, da parte dell\u2019IRCCS Neurolesi di Messina, ci sono ben 91 milioni di euro da spendere.<\/em><\/div>\n<div><img loading=\"lazy\" class=\"size-medium wp-image-21728 alignright\" src=\"https:\/\/www.messinaoggi.it\/website\/wp-content\/uploads\/2018\/07\/IMG_20180710_100951-300x225.jpg\" alt=\"\" width=\"300\" height=\"225\" \/><\/div>\n<div style=\"text-align: justify;\"><em>Con la Fondazione tutti gli Operatori dell\u2019IRCCS saranno garantiti?<\/em><\/div>\n<div style=\"text-align: justify;\"><em>Insomma, si paventa, sic et simpliciter, la privatizzazione dell\u2019IRCCS Neurolesi di Messina.<\/em><\/div>\n<div style=\"text-align: justify;\"><em>Pertanto, alla luce di quanto espresso, la UIL e la UIL FPL di Messina chiedono un immediato confronto con le Autorit\u00e0 in indirizzo al fine di poter chiarire i tantissimi dubbi attualmente esistenti che, fra l\u2019altro, rappresentano un fortissimo motivo di preoccupazione per i lavoratori dell\u2019IRCCS Neurolesi di Messina.<\/em><\/div>\n<div style=\"text-align: justify;\"><em>In attesa di cortese riscontro, si coglie l\u2019occasione per porgere distinti saluti\u201d.<\/em><\/div>\n<div>Intanto, la Uil-Fpl sta anche aprendo i riflettori sui centri Spoke dell&#8217;Irccs-Neurolesi, presenti in altre province siciliane.<\/div>\n<div id=\"div-gpt-ad-Messinaoggi.it-DSK-300x250-corpoart\" style=\"text-align:center;margin:0 auto;\"><\/div><\/p><div id=\"videoincontent\" style=\"clear:both\";><\/div>","protected":false},"excerpt":{"rendered":"<p>La Uil e la Uil-Fpl di Messina, con una missiva indirizzata al ministro della Salute, Roberto Speranza, al governatore di Sicilia, Nello Musumeci, all\u2019assessore regionale alla Salute, Ruggero Razza, al presidente della VI Commissione regionale, Margherita La Rocca Ruvolo e per conoscenza al direttore generale dell\u2019Irccs-Neurolesi, Vincenzo Barone, chiedono chiarimenti riguardo la possibile trasformazione dell\u2019Irccs-Neurolesi [&hellip;]<\/p>\n","protected":false},"author":2,"featured_media":38767,"comment_status":"closed","ping_status":"closed","sticky":false,"template":"","format":"standard","meta":{"ub_ctt_via":"","_mi_skip_tracking":false},"categories":[19],"tags":[],"featured_image_src":"https:\/\/www.messinaoggi.it\/website\/wp-content\/uploads\/2019\/11\/IMG_5728.jpg","author_info":{"display_name":"Redazione","author_link":"https:\/\/www.messinaoggi.it\/website\/author\/redazione\/"},"digistream_id":0,"digistream":false,"_links":{"self":[{"href":"https:\/\/www.messinaoggi.it\/website\/wp-json\/wp\/v2\/posts\/47408"}],"collection":[{"href":"https:\/\/www.messinaoggi.it\/website\/wp-json\/wp\/v2\/posts"}],"about":[{"href":"https:\/\/www.messinaoggi.it\/website\/wp-json\/wp\/v2\/types\/post"}],"author":[{"embeddable":true,"href":"https:\/\/www.messinaoggi.it\/website\/wp-json\/wp\/v2\/users\/2"}],"replies":[{"embeddable":true,"href":"https:\/\/www.messinaoggi.it\/website\/wp-json\/wp\/v2\/comments?post=47408"}],"version-history":[{"count":0,"href":"https:\/\/www.messinaoggi.it\/website\/wp-json\/wp\/v2\/posts\/47408\/revisions"}],"wp:featuredmedia":[{"embeddable":true,"href":"https:\/\/www.messinaoggi.it\/website\/wp-json\/wp\/v2\/media\/38767"}],"wp:attachment":[{"href":"https:\/\/www.messinaoggi.it\/website\/wp-json\/wp\/v2\/media?parent=47408"}],"wp:term":[{"taxonomy":"category","embeddable":true,"href":"https:\/\/www.messinaoggi.it\/website\/wp-json\/wp\/v2\/categories?post=47408"},{"taxonomy":"post_tag","embeddable":true,"href":"https:\/\/www.messinaoggi.it\/website\/wp-json\/wp\/v2\/tags?post=47408"}],"curies":[{"name":"wp","href":"https:\/\/api.w.org\/{rel}","templated":true}]}}