{"id":47345,"date":"2020-09-21T09:00:42","date_gmt":"2020-09-21T07:00:42","guid":{"rendered":"https:\/\/www.messinaoggi.it\/website\/?p=47345"},"modified":"2020-09-21T09:00:42","modified_gmt":"2020-09-21T07:00:42","slug":"rally-riolo-floris-su-subaru-legacy-sedan-grandi-protagonisti-al-xxxii-rally-elba-storico","status":"publish","type":"post","link":"https:\/\/www.messinaoggi.it\/website\/2020\/09\/21\/rally-riolo-floris-su-subaru-legacy-sedan-grandi-protagonisti-al-xxxii-rally-elba-storico\/","title":{"rendered":"RALLY &#8211; Riolo-Floris su Subaru Legacy Sedan grandi protagonisti al XXXII Rally Elba Storico"},"content":{"rendered":"<h6 style=\"text-align: justify\"><em><strong>Gara sofferta e difficile per l\u2019equipaggio CST Sport su Subaru Legacy Sedan, seguito dal Team Balletti che con carattere chiude in rimonta secondo di 4\u00b0 Raggruppamento e 3\u00b0 sul podio virtuale la gara toscana 2\u00b0 round del Tricolore Autostoriche<\/strong><\/em><\/h6>\n<p> <div id=\"div-gpt-ad-Messinaoggi.it-DSK-300x250-corpoart\" style=\"text-align:center;margin:0 auto;\"><\/div><\/p>\n<p style=\"text-align: justify\">Tot\u00f2 Riolo ed Alessandro Floris su Subaru Legacy Sedan di 4\u00b0 Raggruppamento sono stati grandi protagonisti del XXXII Rallye Elba Storico, il 2\u00b0 round del Campionato Italiano Rally Autostoriche. L\u2019equipaggio CST Sport formato dal forte driver palermitano di Cerda e dal co-driver elbano sulla 4&#215;4 giapponese curata dl Team Balletti ha chiuso la gara toscana al 2\u00b0 posto di 4\u00b0 Raggruppamento e in 3^ posizione sul podio assoluto, soltanto virtuale, tra le autostoriche.<div id=\"videoincontent\" style=\"clear:both\";><\/div><\/p>\n<p style=\"text-align: justify\">Un rally particolarmente sofferto per l\u2019affiatato equipaggio che ha dato prova di grande intesa. Con determinazione e bravura ha compiuto diverse rimonte, rese necessarie da alcune noie tecniche, a cui dopo la PS 6, a fine seconda tappa, si \u00e8 aggiunto lo stallonamento di uno pneumatico. Mai domi Riolo e Floris hanno sempre e comunque cercato la risalita ed a met\u00e0 della tappa conclusiva sono riusciti ad agguantare la posizione da piazza d\u2019onore di 4\u00b0 Raggruppamento ed a tagliare il traguardo con il 3\u00b0 posto nell\u2019ipotetica classifica generale.<\/p>\n<p style=\"text-align: justify\">\u201c<em>Una gara che non ci ha lasciato momenti serenit\u00e0 e ci ha chiesto sempre il massimo sforzo &#8211; ha spiegato Riolo al traguardo &#8211; la professionalit\u00e0 di Alessandro \u00e8 stata determinante soprattutto nei momenti pi\u00f9 difficili, quando siamo scivolati indietro. Ad ogni soluzione \u00e8 subentrata una nuova difficolt\u00e0, ma il secondo posto di raggruppamento gratifica tutta la fatica e rende proficua la trasferta pianificata con il team e con CST Sport qui all\u2019isola d\u2019Elba<\/em>\u201d.<\/p>\n<p style=\"text-align: justify\"><strong>Classifica XXXII Rallye Elba Storico<\/strong>:<\/p>\n<p style=\"text-align: justify\">1\u00b0 Salvini &#8211; Tagliaferri (Porsche 911 RS 2\u00b0 Raggr.) in 1h33\u201928\u201d3;<\/p>\n<p style=\"text-align: justify\">2\u00b0 \u201cLuky\u201d &#8211; Pons (Lancia Delta HF Integrale 4\u00b0 Raggr.) a 17\u201d2;<\/p>\n<p style=\"text-align: justify\">3\u00b0 Riolo &#8211; Floris (Subaru Legacy 4\u00b0 Raggr.) a 2\u201901\u201d7.<\/p>\n<p style=\"text-align: justify\">4\u00b0 Raggr.: 1\u201cLuky\u201d &#8211; Pons (Lancia Delta HF Integrale) in 1h33\u201d45\u201d<\/p>\n<p style=\"text-align: justify\">5\u00b0 2 Riolo &#8211; Floris (Subaru Legacy) a 1\u201944\u201d5; 3 Pierangioli &#8211; Celli (Ford Sierra Cosworth) a 1\u201950\u201d7.<\/p>\n","protected":false},"excerpt":{"rendered":"<p>Gara sofferta e difficile per l\u2019equipaggio CST Sport su Subaru Legacy Sedan, seguito dal Team Balletti che con carattere chiude in rimonta secondo di 4\u00b0 Raggruppamento e 3\u00b0 sul podio virtuale la gara toscana 2\u00b0 round del Tricolore Autostoriche Tot\u00f2 Riolo ed Alessandro Floris su Subaru Legacy Sedan di 4\u00b0 Raggruppamento sono stati grandi protagonisti [&hellip;]<\/p>\n","protected":false},"author":17,"featured_media":47346,"comment_status":"closed","ping_status":"closed","sticky":false,"template":"","format":"standard","meta":{"ub_ctt_via":"","_mi_skip_tracking":false},"categories":[8,9],"tags":[344],"featured_image_src":"https:\/\/www.messinaoggi.it\/website\/wp-content\/uploads\/2020\/09\/88bcbee8-6a7e-4501-9902-ccd130d605a7.jpeg","author_info":{"display_name":"Giuseppe Luppino","author_link":"https:\/\/www.messinaoggi.it\/website\/author\/g-luppino\/"},"digistream_id":0,"digistream":false,"_links":{"self":[{"href":"https:\/\/www.messinaoggi.it\/website\/wp-json\/wp\/v2\/posts\/47345"}],"collection":[{"href":"https:\/\/www.messinaoggi.it\/website\/wp-json\/wp\/v2\/posts"}],"about":[{"href":"https:\/\/www.messinaoggi.it\/website\/wp-json\/wp\/v2\/types\/post"}],"author":[{"embeddable":true,"href":"https:\/\/www.messinaoggi.it\/website\/wp-json\/wp\/v2\/users\/17"}],"replies":[{"embeddable":true,"href":"https:\/\/www.messinaoggi.it\/website\/wp-json\/wp\/v2\/comments?post=47345"}],"version-history":[{"count":0,"href":"https:\/\/www.messinaoggi.it\/website\/wp-json\/wp\/v2\/posts\/47345\/revisions"}],"wp:featuredmedia":[{"embeddable":true,"href":"https:\/\/www.messinaoggi.it\/website\/wp-json\/wp\/v2\/media\/47346"}],"wp:attachment":[{"href":"https:\/\/www.messinaoggi.it\/website\/wp-json\/wp\/v2\/media?parent=47345"}],"wp:term":[{"taxonomy":"category","embeddable":true,"href":"https:\/\/www.messinaoggi.it\/website\/wp-json\/wp\/v2\/categories?post=47345"},{"taxonomy":"post_tag","embeddable":true,"href":"https:\/\/www.messinaoggi.it\/website\/wp-json\/wp\/v2\/tags?post=47345"}],"curies":[{"name":"wp","href":"https:\/\/api.w.org\/{rel}","templated":true}]}}