{"id":47304,"date":"2020-09-19T10:00:15","date_gmt":"2020-09-19T08:00:15","guid":{"rendered":"https:\/\/www.messinaoggi.it\/website\/?p=47304"},"modified":"2020-09-19T10:00:15","modified_gmt":"2020-09-19T08:00:15","slug":"rally-tutto-pronto-per-il-25-slalom-rocca-novara-di-sicilia","status":"publish","type":"post","link":"https:\/\/www.messinaoggi.it\/website\/2020\/09\/19\/rally-tutto-pronto-per-il-25-slalom-rocca-novara-di-sicilia\/","title":{"rendered":"RALLY &#8211; Tutto pronto per il 25\u00b0 Slalom Rocca Novara di Sicilia"},"content":{"rendered":"<h6 style=\"text-align: justify\"><em><strong>L\u2019affascinante borgo messinese \u00e8 pronto ad accogliere i protagonisti del Campionato Italiano<\/strong><\/em><\/h6>\n<p> <div id=\"div-gpt-ad-Messinaoggi.it-DSK-300x250-corpoart\" style=\"text-align:center;margin:0 auto;\"><\/div><\/p>\n<p style=\"text-align: justify\">Massima collaborazione dell\u2019intero centro con tante le iniziative per rendere esclusivo il week end. Tutto Ok per il 25\u00b0 Slalom Rocca Novara di Sicilia che sabato 26 e domenica 27 settembre vale per il 4\u00b0 appuntamento del Campionato Italiano Slalom e primo dei tre round siciliani, sui sette previsti nel rimodulato calendario sportivo 2020.<div id=\"videoincontent\" style=\"clear:both\";><\/div><\/p>\n<p style=\"text-align: justify\">Le iscrizioni rimarranno aperte fino a luned\u00ec 21 settembre, ma gi\u00e0 i big del tricolore hanno confermato la propria presenza. Nei primi giorni della prossima settimana la gara sar\u00e0 presentata on line nei particolari. Novara di Sicilia \u00e8 annoverata tra \u201cI Borghi pi\u00f9 belli d\u2019Italia\u201d, il centro montano messinese al confine tra Peloritani e Nebrodi \u00e8 in grande fermento per offrire, come sempre, il meglio ai protagonisti della gara di Campionato Italiano che convergeranno in Sicilia per l\u2019affascinante sfida tra le 14 postazioni di rallentamento (Birilli) lungo i 3,250 Km della SS 185, con start alle porte di Novara di Sicilia appena dopo il campo sportivo.<\/p>\n<p style=\"text-align: justify\">Il fermento del Campionato Italiano 2020 e il fascino del tracciato siciliano hanno gi\u00e0 portato alla conferma di numerosi protagonisti annunciati, tra cui i big del tricolore, come il Campione in carica ed attuale leader di classifica Fabio Emanuele, l\u2019under 23 in carica Michele Puglisi, Nicol\u00f2 Incammisa, Emanuele Schillace, Salvatore Venanzio, Luigi Vinaccia, sono solo alcuni tra altri nomi sulla ribalta nazionale.<\/p>\n<p style=\"text-align: justify\">Un evento molto sentito e radicato nel caratteristico centro, per il quale si \u00e8 provveduto a stendere il manto d\u2019asfalto nuovo sull\u2019intero tracciato, sul quale sono andati gi\u00e0 a buon fine tutti i collaudi previsti dagli Enti preposti. Ingenti le misure di sicurezza previste sotto l\u2019aspetto sportivo e sotto quello della prevenzione sanitaria, come imposto dalle vigenti normative anti COVID. Saranno due le aree protette, oltre all\u2019intera zona dove \u00e8 previsto il paddock appena fuori paese e l\u2019intero percorso di gara fino al parco chiuso finale, sempre sulla SS 185; altra area protetta sar\u00e0 quella del quartier generale presso il Municipio dell\u2019affascinante Borgo siciliano, dove la sempre efficiente e dinamica Amministrazione con il primo cittadino Dr. Gino Bertolami, ha previsto la consegna di alcuni gadget ai partecipanti in occasione del controllo documenti nella giornata di sabato.<\/p>\n<p style=\"text-align: justify\">Sempre sabato 26 alle 16 ci sar\u00e0 una passeggiata turistica guidata alla scoperta del caratteristico paese, in serata \u00e8 prevista l\u2019iniziativa: \u201cManciannu Strata &#8211; Strata\u201d degustazione enogastronomica di prelibatezze della tradizione novarese. Il 4\u00b0 round di Campionato Italiano si svolger\u00e0 su tre manche, a cui il Direttore di Gara Michele Vecchio dar\u00e0 lo start alle 9, con classifica al meglio delle tre manche. A fine gara la premiazione si svolger\u00e0 nell\u2019auditorium cittadino, uno spazio aperto presso il ponte simbolo di Novara di Sicilia.<\/p>\n<p style=\"text-align: justify\">Ogni iniziativa e l\u2019intero evento sportivo saranno improntati al rigido rispetto delle regole e saranno applicate tutte le misure anti COVID. Nel 2019 successo al fotofinish del giovane messinese Emanuele Schilace, primo in tutte e tre le manche, tallonato dai diretti inseguitori su un podio tutto Radical SR4: il catanese Michele Puglisi ed il kartista di Brolo Francesco Lombardo per la prima volta sulla biposto inglese. Tutte le info ed i moduli disponibili su www.slalomroccanovara.com e www.topcompetition.it<\/p>\n","protected":false},"excerpt":{"rendered":"<p>L\u2019affascinante borgo messinese \u00e8 pronto ad accogliere i protagonisti del Campionato Italiano Massima collaborazione dell\u2019intero centro con tante le iniziative per rendere esclusivo il week end. Tutto Ok per il 25\u00b0 Slalom Rocca Novara di Sicilia che sabato 26 e domenica 27 settembre vale per il 4\u00b0 appuntamento del Campionato Italiano Slalom e primo dei [&hellip;]<\/p>\n","protected":false},"author":17,"featured_media":47305,"comment_status":"closed","ping_status":"closed","sticky":false,"template":"","format":"standard","meta":{"ub_ctt_via":"","_mi_skip_tracking":false},"categories":[8,9],"tags":[309],"featured_image_src":"https:\/\/www.messinaoggi.it\/website\/wp-content\/uploads\/2020\/09\/Premiazione.jpg","author_info":{"display_name":"Giuseppe Luppino","author_link":"https:\/\/www.messinaoggi.it\/website\/author\/g-luppino\/"},"digistream_id":0,"digistream":false,"_links":{"self":[{"href":"https:\/\/www.messinaoggi.it\/website\/wp-json\/wp\/v2\/posts\/47304"}],"collection":[{"href":"https:\/\/www.messinaoggi.it\/website\/wp-json\/wp\/v2\/posts"}],"about":[{"href":"https:\/\/www.messinaoggi.it\/website\/wp-json\/wp\/v2\/types\/post"}],"author":[{"embeddable":true,"href":"https:\/\/www.messinaoggi.it\/website\/wp-json\/wp\/v2\/users\/17"}],"replies":[{"embeddable":true,"href":"https:\/\/www.messinaoggi.it\/website\/wp-json\/wp\/v2\/comments?post=47304"}],"version-history":[{"count":0,"href":"https:\/\/www.messinaoggi.it\/website\/wp-json\/wp\/v2\/posts\/47304\/revisions"}],"wp:featuredmedia":[{"embeddable":true,"href":"https:\/\/www.messinaoggi.it\/website\/wp-json\/wp\/v2\/media\/47305"}],"wp:attachment":[{"href":"https:\/\/www.messinaoggi.it\/website\/wp-json\/wp\/v2\/media?parent=47304"}],"wp:term":[{"taxonomy":"category","embeddable":true,"href":"https:\/\/www.messinaoggi.it\/website\/wp-json\/wp\/v2\/categories?post=47304"},{"taxonomy":"post_tag","embeddable":true,"href":"https:\/\/www.messinaoggi.it\/website\/wp-json\/wp\/v2\/tags?post=47304"}],"curies":[{"name":"wp","href":"https:\/\/api.w.org\/{rel}","templated":true}]}}