{"id":47295,"date":"2020-09-18T10:46:32","date_gmt":"2020-09-18T08:46:32","guid":{"rendered":"https:\/\/www.messinaoggi.it\/website\/?p=47295"},"modified":"2020-09-18T10:46:32","modified_gmt":"2020-09-18T08:46:32","slug":"hotspot-bisconte-fp-cgil-lavoratori-abbandonati-dalle-istituzioni","status":"publish","type":"post","link":"https:\/\/www.messinaoggi.it\/website\/2020\/09\/18\/hotspot-bisconte-fp-cgil-lavoratori-abbandonati-dalle-istituzioni\/","title":{"rendered":"Hotspot Bisconte, Fp Cgil: &quot;Lavoratori abbandonati dalle istituzioni&quot;"},"content":{"rendered":"<p>&#8220;I tanti cittadini che oggi tirano un sospiro di sollievo e si sentano al sicuro perch\u00e9 i locali dell\u2019ex caserma Gasparro sono oggi &#8216;liberi&#8217; da migranti, dovrebbero sapere che quasi 30 famiglie di loro concittadini oggi si trovano senza un stipendio e con la paura di non arrivare a fine mese&#8221;. Questo il commento del segretario della Fp Cgil Messina, Francesco Fucile, sulla chiusura dell&#8217;ex caserma Gasparro di Bisconte, che poi aggiunge: &#8220;Ma questo sembra non contare per nessuno, neanche per la massima istituzione cittadina, il sindaco, che, come chiaramente si evince dai video che girano in rete, ha letteralmente ignorato quei lavoratori che nelle scorse settimane sono andati a bussare alla sua porta per avere considerazione&#8221;.<br \/>\n<strong>&#8220;Lavoratori sacrificati sull&#8217;altare dello scontro&#8221;.<\/strong> &#8220;Si \u00e8 ben pensato di &#8216;sacrificare&#8217; dei lavoratori sull\u2019altare dello scontro, &#8211; prosegue il sindacalista &#8211; in un momento in cui Messina non pu\u00f2 certamente permettersi di perdere posti di lavoro. Sebbene su questo \u00e8 il caso di fare chiarezza: n\u00e9 l\u2019hotspot n\u00e9 il Centro accoglienza migranti (Cas) risultano formalmente chiusi: la Prefettura di Messina, a seguito del caso politico innescato dal primo cittadino, ha deciso di bloccare l\u2019accoglienza dei richiedenti asilo. N\u00e9, tantomeno, anche la stessa Prefettura di Messina o il Ministero dell\u2019Interno ha inteso adottare dei provvedimenti che trovino soluzioni alternative. Con quali conseguenze? Il sacrificio dei lavoratori ivi impiegati, poich\u00e9 zero ospiti significa zero pagamenti dalla Prefettura all\u2019Ente gestore.<br \/>\n&#8220;Ci domandiamo se anzich\u00e9 giungere a questo punto, rilevate tutte le criticit\u00e0 del caso, non sarebbe stato pi\u00f9 utile procedere ad una riorganizzazione degli spazi, anche con un\u2019eventuale riduzione della capienza prevista, e continuare cos\u00ec a poter usufruire dei suddetti spazi o fare delle scelte oculate sulla etnia dei migranti da destinare a quella struttura? No, invece, silenzio da parte di tutti, tanto le famiglie di 30 lavoratori sicuramente licenziati possono anche essere il prezzo da pagare!<br \/>\n<strong>&#8220;Prefettura e Comune organizzino un tavolo tecnico&#8221;.<\/strong> &#8220;Evidentemente, per\u00f2, la pressione mediatica da un lato e i toni da perenne campagna mediatica dall\u2019altro, non hanno fatto prevalere il buon senso. A tutto questo si aggiunge anche l\u2019organizzazione sindacale che oggi, e ci domandiamo rappresentando chi, &#8216;urla&#8217; all\u2019attivazione degli ammortizzatori sociali, forse per parare il colpo a chi ha determinato la sospensione dell\u2019attivit\u00e0 del CAS e mostrato totale disinteresse nei confronti di questi operatori.<br \/>\n&#8220;La FP CGIL, che orgogliosamente rappresenta questi lavoratori, pu\u00f2 solo limitarsi a rispondere sottolineando due aspetti: il primo \u00e8 che sono gli stessi lavoratori a rigettare l\u2019idea dell\u2019ammortizzatore e a preferire il lavoro, anche se sacrificante; il secondo punto \u00e8 che la concessione dell\u2019ammortizzatore sociale \u00e8 legata ad una complessa serie di fattori e di cause che in questa fattispecie non sono ravvisabili. Ancora una volta, dunque, invitiamo Comune e Prefettura a sedersi intorno a un tavolo ed avviare un dialogo che ponga al centro l\u2019interesse di questi lavoratori, fino ad oggi trattati come cittadini di serie B&#8221;.<!--\/data\/user\/0\/com.samsung.android.app.notes\/files\/clipdata\/clipdata_bodytext_200918_103728_069.sdocx--><div id=\"div-gpt-ad-Messinaoggi.it-DSK-300x250-corpoart\" style=\"text-align:center;margin:0 auto;\"><\/div><\/p>\n<div id=\"videoincontent\" style=\"clear:both\";><\/div>","protected":false},"excerpt":{"rendered":"<p>&#8220;I tanti cittadini che oggi tirano un sospiro di sollievo e si sentano al sicuro perch\u00e9 i locali dell\u2019ex caserma Gasparro sono oggi &#8216;liberi&#8217; da migranti, dovrebbero sapere che quasi 30 famiglie di loro concittadini oggi si trovano senza un stipendio e con la paura di non arrivare a fine mese&#8221;. Questo il commento del [&hellip;]<\/p>\n","protected":false},"author":8,"featured_media":4351,"comment_status":"closed","ping_status":"closed","sticky":false,"template":"","format":"standard","meta":{"ub_ctt_via":"","_mi_skip_tracking":false},"categories":[4],"tags":[],"featured_image_src":"https:\/\/www.messinaoggi.it\/website\/wp-content\/uploads\/2017\/07\/caserma-gasparro-bisconte-2.jpg","author_info":{"display_name":"red..me","author_link":"https:\/\/www.messinaoggi.it\/website\/author\/redstage\/"},"digistream_id":0,"digistream":false,"_links":{"self":[{"href":"https:\/\/www.messinaoggi.it\/website\/wp-json\/wp\/v2\/posts\/47295"}],"collection":[{"href":"https:\/\/www.messinaoggi.it\/website\/wp-json\/wp\/v2\/posts"}],"about":[{"href":"https:\/\/www.messinaoggi.it\/website\/wp-json\/wp\/v2\/types\/post"}],"author":[{"embeddable":true,"href":"https:\/\/www.messinaoggi.it\/website\/wp-json\/wp\/v2\/users\/8"}],"replies":[{"embeddable":true,"href":"https:\/\/www.messinaoggi.it\/website\/wp-json\/wp\/v2\/comments?post=47295"}],"version-history":[{"count":0,"href":"https:\/\/www.messinaoggi.it\/website\/wp-json\/wp\/v2\/posts\/47295\/revisions"}],"wp:featuredmedia":[{"embeddable":true,"href":"https:\/\/www.messinaoggi.it\/website\/wp-json\/wp\/v2\/media\/4351"}],"wp:attachment":[{"href":"https:\/\/www.messinaoggi.it\/website\/wp-json\/wp\/v2\/media?parent=47295"}],"wp:term":[{"taxonomy":"category","embeddable":true,"href":"https:\/\/www.messinaoggi.it\/website\/wp-json\/wp\/v2\/categories?post=47295"},{"taxonomy":"post_tag","embeddable":true,"href":"https:\/\/www.messinaoggi.it\/website\/wp-json\/wp\/v2\/tags?post=47295"}],"curies":[{"name":"wp","href":"https:\/\/api.w.org\/{rel}","templated":true}]}}