{"id":47281,"date":"2020-09-17T16:10:57","date_gmt":"2020-09-17T14:10:57","guid":{"rendered":"https:\/\/www.messinaoggi.it\/website\/?p=47281"},"modified":"2020-09-17T16:10:57","modified_gmt":"2020-09-17T14:10:57","slug":"scarico-plichi-elettorali-divieto-di-sosta-in-via-trento","status":"publish","type":"post","link":"https:\/\/www.messinaoggi.it\/website\/2020\/09\/17\/scarico-plichi-elettorali-divieto-di-sosta-in-via-trento\/","title":{"rendered":"Scarico plichi elettorali, divieto di sosta in via Trento"},"content":{"rendered":"<p>Dalle 12 di luned\u00ec 21 alle 6 di marted\u00ec 22, sar\u00e0 vietata la sosta in via Trento, antistante i locali di pertinenza del Tribunale al numero civico 2H, per un tratto di 30 metri.<br \/>\nLa limitazione viaria \u00e8 stata disposta per consentire le operazioni di scarico dei plichi elettorali, in occasione del Referendum costituzionale del 20 e 21 settembre 2020.<div id=\"div-gpt-ad-Messinaoggi.it-DSK-300x250-corpoart\" style=\"text-align:center;margin:0 auto;\"><\/div><\/p>\n<div id=\"videoincontent\" style=\"clear:both\";><\/div>","protected":false},"excerpt":{"rendered":"<p>Dalle 12 di luned\u00ec 21 alle 6 di marted\u00ec 22, sar\u00e0 vietata la sosta in via Trento, antistante i locali di pertinenza del Tribunale al numero civico 2H, per un tratto di 30 metri. La limitazione viaria \u00e8 stata disposta per consentire le operazioni di scarico dei plichi elettorali, in occasione del Referendum costituzionale del [&hellip;]<\/p>\n","protected":false},"author":4,"featured_media":47282,"comment_status":"closed","ping_status":"closed","sticky":false,"template":"","format":"standard","meta":{"ub_ctt_via":"","_mi_skip_tracking":false},"categories":[5],"tags":[],"featured_image_src":"https:\/\/www.messinaoggi.it\/website\/wp-content\/uploads\/2020\/09\/referendum_70650409.jpg","author_info":{"display_name":"redme","author_link":"https:\/\/www.messinaoggi.it\/website\/author\/redme\/"},"digistream_id":0,"digistream":false,"_links":{"self":[{"href":"https:\/\/www.messinaoggi.it\/website\/wp-json\/wp\/v2\/posts\/47281"}],"collection":[{"href":"https:\/\/www.messinaoggi.it\/website\/wp-json\/wp\/v2\/posts"}],"about":[{"href":"https:\/\/www.messinaoggi.it\/website\/wp-json\/wp\/v2\/types\/post"}],"author":[{"embeddable":true,"href":"https:\/\/www.messinaoggi.it\/website\/wp-json\/wp\/v2\/users\/4"}],"replies":[{"embeddable":true,"href":"https:\/\/www.messinaoggi.it\/website\/wp-json\/wp\/v2\/comments?post=47281"}],"version-history":[{"count":0,"href":"https:\/\/www.messinaoggi.it\/website\/wp-json\/wp\/v2\/posts\/47281\/revisions"}],"wp:featuredmedia":[{"embeddable":true,"href":"https:\/\/www.messinaoggi.it\/website\/wp-json\/wp\/v2\/media\/47282"}],"wp:attachment":[{"href":"https:\/\/www.messinaoggi.it\/website\/wp-json\/wp\/v2\/media?parent=47281"}],"wp:term":[{"taxonomy":"category","embeddable":true,"href":"https:\/\/www.messinaoggi.it\/website\/wp-json\/wp\/v2\/categories?post=47281"},{"taxonomy":"post_tag","embeddable":true,"href":"https:\/\/www.messinaoggi.it\/website\/wp-json\/wp\/v2\/tags?post=47281"}],"curies":[{"name":"wp","href":"https:\/\/api.w.org\/{rel}","templated":true}]}}