{"id":47277,"date":"2020-09-17T12:10:44","date_gmt":"2020-09-17T10:10:44","guid":{"rendered":"https:\/\/www.messinaoggi.it\/website\/?p=47277"},"modified":"2020-09-17T12:10:44","modified_gmt":"2020-09-17T10:10:44","slug":"basket-castanea-basket-2010-alessandro-salvo-nuovo-tassello-del-quadro-dirigenziale","status":"publish","type":"post","link":"https:\/\/www.messinaoggi.it\/website\/2020\/09\/17\/basket-castanea-basket-2010-alessandro-salvo-nuovo-tassello-del-quadro-dirigenziale\/","title":{"rendered":"BASKET &#8211; Castanea Basket 2010: Alessandro Salvo nuovo tassello del quadro dirigenziale"},"content":{"rendered":"<h6><em><strong>L\u2019organigramma societario del Castanea Basket 2010 si arricchisce di una nuova pedina<\/strong><\/em><\/h6>\n<p> <div id=\"div-gpt-ad-Messinaoggi.it-DSK-300x250-corpoart\" style=\"text-align:center;margin:0 auto;\"><\/div><\/p>\n<p style=\"text-align: justify\">La societ\u00e0 gialloviola\u00a0 comunica che il giovane Alessandro Salvo far\u00e0 parte del quadro dirigenziale. Occuper\u00e0 una casella importante dovendosi interfacciare con la Federazione. Nello specifico curer\u00e0 tutti i rapporti istituzionali col Comitato Regionale, ente organizzatore del campionato di serie C Silver e provveder\u00e0 alle relative comunicazioni col direttivo centrale. Un ruolo di grande responsabilit\u00e0 quindi che la societ\u00e0 peloritana non ha esitato ad affidare al dirigente classe 1995.<br \/>\nQuesta la presentazione del neo dirigente gialloviola che spiega i compiti che lo attendono: \u201c<em>Mi sono avvicinato per la prima volta alla realt\u00e0 del Castanea Basket quando ancora ero un giocatore in formazione under, ovvero durante la stagione 2012\/2013 in doppio tesseramento con la societ\u00e0 d\u2019appartenenza di formazione giovanile, l\u2019Amatori Basket Messina. Ho sentito fin da subito un grande feeling con tutto l\u2019ambiente e con la dirigenza, la quale mi ha guidato durante il processo di integrazione in un gruppo gi\u00e0 rodato, facendomi sentire parte importante sin da subito&#8221;.\u00a0<\/em><div id=\"videoincontent\" style=\"clear:both\";><\/div><\/p>\n<p style=\"text-align: justify\"><em>&#8220;Dopo qualche anno lontano dai parquet, scelta dettata principalmente da motivi universitari, &#8211; <\/em>continua Alessandro Salvo<em> &#8211;\u00a0 ho deciso di riavvicinarmi al mondo della palla a spicchi proprio con la realt\u00e0 giallo-viola inserendomi giocatore del campionato di Promozione <\/em><em>nella stagione 2018\/2019. Quest\u2019anno ho deciso di fare un passo importante per la mia crescita nel settore sportivo, decidendo di vestire i panni di dirigente. Sotto l\u2019ala protettiva del navigato ed esperto dirigente Gianfranco Urbani, e di concerto con lui, curer\u00f2 le relazioni tra la nostra societ\u00e0 e la Federazione&#8221;.<\/em><\/p>\n<p style=\"text-align: justify\"><em>&#8220;Sono assolutamente entusiasta di iniziare questa esperienza &#8211; <\/em>conclude Salvo<em> &#8211;\u00a0 che sar\u00e0, senza dubbio, formativa e rappresenta un\u2019occasione di approfondimento per un settore, quale quello del diritto sportivo, che da sempre mi affascina. Ringrazio il Presidente Sacc\u00e0 e tutte le componenti societarie per avermi affidato questo delicato ruolo che richiede attenzione, studio e assoluta fiducia da parte di tutto l\u2019entourage. <\/em><em>L\u2019anno in cui il Castanea Basket spegne le sue prime dieci candeline sar\u00e0 certamente quello pi\u00f9 impegnativo. La Serie C Silver \u00e8 un campionato che conosco bene e di assoluto prestigio e posso garantire che la societ\u00e0 far\u00e0 di tutto per onorarlo al meglio, portandolo al termine con un piazzamento che i nostri tifosi, sempre calorosissimi, meritano<\/em>\u201d.<\/p>\n","protected":false},"excerpt":{"rendered":"<p>L\u2019organigramma societario del Castanea Basket 2010 si arricchisce di una nuova pedina La societ\u00e0 gialloviola\u00a0 comunica che il giovane Alessandro Salvo far\u00e0 parte del quadro dirigenziale. Occuper\u00e0 una casella importante dovendosi interfacciare con la Federazione. Nello specifico curer\u00e0 tutti i rapporti istituzionali col Comitato Regionale, ente organizzatore del campionato di serie C Silver e provveder\u00e0 [&hellip;]<\/p>\n","protected":false},"author":17,"featured_media":47278,"comment_status":"closed","ping_status":"closed","sticky":false,"template":"","format":"standard","meta":{"ub_ctt_via":"","_mi_skip_tracking":false},"categories":[8,9],"tags":[340,202],"featured_image_src":"https:\/\/www.messinaoggi.it\/website\/wp-content\/uploads\/2020\/09\/Alessandro-Salvo.jpg","author_info":{"display_name":"Giuseppe Luppino","author_link":"https:\/\/www.messinaoggi.it\/website\/author\/g-luppino\/"},"digistream_id":0,"digistream":false,"_links":{"self":[{"href":"https:\/\/www.messinaoggi.it\/website\/wp-json\/wp\/v2\/posts\/47277"}],"collection":[{"href":"https:\/\/www.messinaoggi.it\/website\/wp-json\/wp\/v2\/posts"}],"about":[{"href":"https:\/\/www.messinaoggi.it\/website\/wp-json\/wp\/v2\/types\/post"}],"author":[{"embeddable":true,"href":"https:\/\/www.messinaoggi.it\/website\/wp-json\/wp\/v2\/users\/17"}],"replies":[{"embeddable":true,"href":"https:\/\/www.messinaoggi.it\/website\/wp-json\/wp\/v2\/comments?post=47277"}],"version-history":[{"count":0,"href":"https:\/\/www.messinaoggi.it\/website\/wp-json\/wp\/v2\/posts\/47277\/revisions"}],"wp:featuredmedia":[{"embeddable":true,"href":"https:\/\/www.messinaoggi.it\/website\/wp-json\/wp\/v2\/media\/47278"}],"wp:attachment":[{"href":"https:\/\/www.messinaoggi.it\/website\/wp-json\/wp\/v2\/media?parent=47277"}],"wp:term":[{"taxonomy":"category","embeddable":true,"href":"https:\/\/www.messinaoggi.it\/website\/wp-json\/wp\/v2\/categories?post=47277"},{"taxonomy":"post_tag","embeddable":true,"href":"https:\/\/www.messinaoggi.it\/website\/wp-json\/wp\/v2\/tags?post=47277"}],"curies":[{"name":"wp","href":"https:\/\/api.w.org\/{rel}","templated":true}]}}