{"id":47250,"date":"2020-09-16T17:48:54","date_gmt":"2020-09-16T15:48:54","guid":{"rendered":"https:\/\/www.messinaoggi.it\/website\/?p=47250"},"modified":"2020-09-16T17:48:54","modified_gmt":"2020-09-16T15:48:54","slug":"post-covid-di-atm-le-perplessita-di-uiltrasporti","status":"publish","type":"post","link":"https:\/\/www.messinaoggi.it\/website\/2020\/09\/16\/post-covid-di-atm-le-perplessita-di-uiltrasporti\/","title":{"rendered":"Post-Covid di Atm, le perplessit\u00e0 di Uiltrasporti"},"content":{"rendered":"<p>La ripresa post-Covid porta con s\u00e9 tante incertezze e Uiltrasporti non nasconde perplessit\u00e0.<br \/>\n&#8220;Il rischio, ormai concreto, \u00e8 di arrivare tardi e impreparati all\u2019avvio dell\u2019anno scolastico &#8211; afferma Nino Di Mento segretario UIltrasporti Messina &#8211; sebbene due mesi esatti fa la giunta comunale avesse gi\u00e0 manifestato ai sindacati l\u2019intenzione di potenziare ulteriormente l\u2019organico degli autisti Atm in previsione di servizi specifici dovuti ai turni degli istituti scolastici e alle norme di prevenzione Covid.<br \/>\nAd oggi siamo preoccupati &#8211; continua Di Mento &#8211; perch\u00e9 mentre in consiglio comunale ci risulta si stia proponendo un atto di indirizzo alla giunta suggerendo forme di reclutamento di forza lavoro temporaneo, per far fronte alla accresciuta esigenza di trasporto pubblico e scolastico della collettivit\u00e0, il tempo invece stringe e non sappiamo se all\u2019Amministrazione siano giunte da Atm Spa adeguate richieste e la documentazione necessaria per poter predisporre in tempi brevi gli adempimenti tecnici per proporre al consiglio la necessaria modifica del contratto di servizio che ne garantisca risorse economiche, previste da finanziamenti nazionali per l\u2019emergenza Covid , necessarie all\u2019assunzione di ulteriori autisti.<br \/>\nChiediamo &#8211; conclude Di Mento &#8211; all\u2019assessore Gallo, al presidente del Consiglio comunale Claudio Cardile e al presidente di Atm Campagna, ognuno per propria competenza di accelerare e definire le procedure necessarie e pi\u00f9 volte annunciate al fine di avviare da subito il reclutamento temporaneo del personale autista gi\u00e0 formato, disponibile e professionalizzato al fine di dare le dovute garanzie al trasporto cittadino in questi mesi di emergenza post-Covid e nelle more dei bandi di assunzione che la propriet\u00e0 ha gi\u00e0 annunciato di voler porre in essere&#8221;.<div id=\"div-gpt-ad-Messinaoggi.it-DSK-300x250-corpoart\" style=\"text-align:center;margin:0 auto;\"><\/div><\/p>\n<div id=\"videoincontent\" style=\"clear:both\";><\/div>","protected":false},"excerpt":{"rendered":"<p>La ripresa post-Covid porta con s\u00e9 tante incertezze e Uiltrasporti non nasconde perplessit\u00e0. &#8220;Il rischio, ormai concreto, \u00e8 di arrivare tardi e impreparati all\u2019avvio dell\u2019anno scolastico &#8211; afferma Nino Di Mento segretario UIltrasporti Messina &#8211; sebbene due mesi esatti fa la giunta comunale avesse gi\u00e0 manifestato ai sindacati l\u2019intenzione di potenziare ulteriormente l\u2019organico degli autisti [&hellip;]<\/p>\n","protected":false},"author":4,"featured_media":40506,"comment_status":"closed","ping_status":"closed","sticky":false,"template":"","format":"standard","meta":{"ub_ctt_via":"","_mi_skip_tracking":false},"categories":[5],"tags":[],"featured_image_src":"https:\/\/www.messinaoggi.it\/website\/wp-content\/uploads\/2020\/02\/bus-atm-2.jpg","author_info":{"display_name":"redme","author_link":"https:\/\/www.messinaoggi.it\/website\/author\/redme\/"},"digistream_id":0,"digistream":false,"_links":{"self":[{"href":"https:\/\/www.messinaoggi.it\/website\/wp-json\/wp\/v2\/posts\/47250"}],"collection":[{"href":"https:\/\/www.messinaoggi.it\/website\/wp-json\/wp\/v2\/posts"}],"about":[{"href":"https:\/\/www.messinaoggi.it\/website\/wp-json\/wp\/v2\/types\/post"}],"author":[{"embeddable":true,"href":"https:\/\/www.messinaoggi.it\/website\/wp-json\/wp\/v2\/users\/4"}],"replies":[{"embeddable":true,"href":"https:\/\/www.messinaoggi.it\/website\/wp-json\/wp\/v2\/comments?post=47250"}],"version-history":[{"count":0,"href":"https:\/\/www.messinaoggi.it\/website\/wp-json\/wp\/v2\/posts\/47250\/revisions"}],"wp:featuredmedia":[{"embeddable":true,"href":"https:\/\/www.messinaoggi.it\/website\/wp-json\/wp\/v2\/media\/40506"}],"wp:attachment":[{"href":"https:\/\/www.messinaoggi.it\/website\/wp-json\/wp\/v2\/media?parent=47250"}],"wp:term":[{"taxonomy":"category","embeddable":true,"href":"https:\/\/www.messinaoggi.it\/website\/wp-json\/wp\/v2\/categories?post=47250"},{"taxonomy":"post_tag","embeddable":true,"href":"https:\/\/www.messinaoggi.it\/website\/wp-json\/wp\/v2\/tags?post=47250"}],"curies":[{"name":"wp","href":"https:\/\/api.w.org\/{rel}","templated":true}]}}