{"id":47246,"date":"2020-09-16T13:59:45","date_gmt":"2020-09-16T11:59:45","guid":{"rendered":"https:\/\/www.messinaoggi.it\/website\/?p=47246"},"modified":"2020-09-16T13:59:45","modified_gmt":"2020-09-16T11:59:45","slug":"piano-covid-contributi-a-pioggia-della-regione","status":"publish","type":"post","link":"https:\/\/www.messinaoggi.it\/website\/2020\/09\/16\/piano-covid-contributi-a-pioggia-della-regione\/","title":{"rendered":"Piano Covid, contributi a pioggia della Regione"},"content":{"rendered":"<p>Si chiama Piano Covid Sicilia, si tratta di una serie di bandi regionali per un totale di 278 milioni per contributi alle imprese, promozione turistica, scuola, editoria e Confidi e servizi di trasporto.<br \/>\nIl piano, finanziato con fondi Fesr, rientra nelle misure previste dalla legge di stabilit\u00e0 approvata a maggio dall\u2019Ars. I contenuti sono stati presentati, in conferenza stampa a palazzo d\u2019Orleans, dal presidente della Regione Nello Musumeci e dagli assessori coinvolti: Gaetano Armao (Economia), Marco Falcone (Trasporti), Mimmo Turano (Attivit\u00e0 produttive), Roberto Lagalla (Istruzione e Formazione), Manlio Messina (Turismo).<br \/>\n\u201cAndremo avanti con altri bandi a seconda della reazione che registreremo su questi primi bandi \u2013 ha detto Musumeci \u2013 Ho raccomandato che i bandi fossero pi\u00f9 snelli possibili, si tratta di un intervento emergenziale, perch\u00e9 le disponibilit\u00e0 finanziarie devono arrivare subito alle imprese, che sono in condizioni cianotiche\u201d. Il governatore ha sottolineato che \u201cil piano \u00e8 stato frutto di un processo di confronto, di concertazione con tutti i gruppi parlamentari della coalizione di governo e opposizione\u201d.<br \/>\n\u201cCi siamo incontrati, abbiamo comunicato i nostri obiettivi, dal Parlamento sono arrivate le proposte integrative e la legge di stabilit\u00e0 2020 \u00e8 stata varata col proposito prioritario di dare sostegno agli operatori economici \u2013 ha aggiunto \u2013 In questi mesi ci sono state inevitabili polemiche sui ritardi, ma davvero siamo serenamente convinti di non avere perso un solo giorno per potere arrivare ad oggi in tempi ragionevolmente brevi.<br \/>\nAbbiamo dovuto aspettare il 13 luglio, per sapere se il nostro bilancio fosse stato impugnato o meno, e da allora abbiamo lavorato assieme alla burocrazia per raggiungere questo primo risultato\u201d.<br \/>\n <div id=\"div-gpt-ad-Messinaoggi.it-DSK-300x250-corpoart\" style=\"text-align:center;margin:0 auto;\"><\/div><\/p>\n<div id=\"videoincontent\" style=\"clear:both\";><\/div>","protected":false},"excerpt":{"rendered":"<p>Si chiama Piano Covid Sicilia, si tratta di una serie di bandi regionali per un totale di 278 milioni per contributi alle imprese, promozione turistica, scuola, editoria e Confidi e servizi di trasporto. Il piano, finanziato con fondi Fesr, rientra nelle misure previste dalla legge di stabilit\u00e0 approvata a maggio dall\u2019Ars. I contenuti sono stati [&hellip;]<\/p>\n","protected":false},"author":4,"featured_media":43985,"comment_status":"closed","ping_status":"closed","sticky":false,"template":"","format":"standard","meta":{"ub_ctt_via":"","_mi_skip_tracking":false},"categories":[221],"tags":[],"featured_image_src":"https:\/\/www.messinaoggi.it\/website\/wp-content\/uploads\/2020\/05\/NelloMusumeci_serio_fg.jpg","author_info":{"display_name":"redme","author_link":"https:\/\/www.messinaoggi.it\/website\/author\/redme\/"},"digistream_id":0,"digistream":false,"_links":{"self":[{"href":"https:\/\/www.messinaoggi.it\/website\/wp-json\/wp\/v2\/posts\/47246"}],"collection":[{"href":"https:\/\/www.messinaoggi.it\/website\/wp-json\/wp\/v2\/posts"}],"about":[{"href":"https:\/\/www.messinaoggi.it\/website\/wp-json\/wp\/v2\/types\/post"}],"author":[{"embeddable":true,"href":"https:\/\/www.messinaoggi.it\/website\/wp-json\/wp\/v2\/users\/4"}],"replies":[{"embeddable":true,"href":"https:\/\/www.messinaoggi.it\/website\/wp-json\/wp\/v2\/comments?post=47246"}],"version-history":[{"count":0,"href":"https:\/\/www.messinaoggi.it\/website\/wp-json\/wp\/v2\/posts\/47246\/revisions"}],"wp:featuredmedia":[{"embeddable":true,"href":"https:\/\/www.messinaoggi.it\/website\/wp-json\/wp\/v2\/media\/43985"}],"wp:attachment":[{"href":"https:\/\/www.messinaoggi.it\/website\/wp-json\/wp\/v2\/media?parent=47246"}],"wp:term":[{"taxonomy":"category","embeddable":true,"href":"https:\/\/www.messinaoggi.it\/website\/wp-json\/wp\/v2\/categories?post=47246"},{"taxonomy":"post_tag","embeddable":true,"href":"https:\/\/www.messinaoggi.it\/website\/wp-json\/wp\/v2\/tags?post=47246"}],"curies":[{"name":"wp","href":"https:\/\/api.w.org\/{rel}","templated":true}]}}