{"id":47238,"date":"2020-09-16T09:52:59","date_gmt":"2020-09-16T07:52:59","guid":{"rendered":"https:\/\/www.messinaoggi.it\/website\/?p=47238"},"modified":"2020-09-16T09:52:59","modified_gmt":"2020-09-16T07:52:59","slug":"riapre-la-galleria-darte-lucio-barbera","status":"publish","type":"post","link":"https:\/\/www.messinaoggi.it\/website\/2020\/09\/16\/riapre-la-galleria-darte-lucio-barbera\/","title":{"rendered":"Riapre la galleria d\u2019arte \u201cLucio Barbera\u201d"},"content":{"rendered":"<p>Questa settimana riaprir\u00e0 al pubblico la galleria d&#8217;arte &#8220;Lucio Barbera&#8221; della citt\u00e0 metropolitana di Messina. Lo rende noto l&#8217;Ente metropolitano: &#8220;A partire da venerd\u00ec 18 settembre 2020 riapre al pubblico la galleria d\u2019arte moderna e contemporanea \u201cLucio Barbera\u201d della citt\u00e0 metropolitana di Messina&#8221;, si legge in una nota<br \/>\nDal luned\u00ec al venerd\u00ec, con orario continuativo 9:00 \u2013 13:00, i visitatori potranno visionare le pregevoli opere d\u2019arte e le mostre che verranno presentate.<br \/>\nPer accedere occorre la prenotazione telefonica ai numeri 090.7761217 o 090.7761866, in modo da potere programmare il numero massimo di accessi alla Galleria, ci\u00f2 al fine di garantire le misure di prevenzione ed i protocolli di sicurezza anti Covid 19.<div id=\"div-gpt-ad-Messinaoggi.it-DSK-300x250-corpoart\" style=\"text-align:center;margin:0 auto;\"><\/div><\/p>\n<div id=\"videoincontent\" style=\"clear:both\";><\/div>","protected":false},"excerpt":{"rendered":"<p>Questa settimana riaprir\u00e0 al pubblico la galleria d&#8217;arte &#8220;Lucio Barbera&#8221; della citt\u00e0 metropolitana di Messina. Lo rende noto l&#8217;Ente metropolitano: &#8220;A partire da venerd\u00ec 18 settembre 2020 riapre al pubblico la galleria d\u2019arte moderna e contemporanea \u201cLucio Barbera\u201d della citt\u00e0 metropolitana di Messina&#8221;, si legge in una nota Dal luned\u00ec al venerd\u00ec, con orario continuativo [&hellip;]<\/p>\n","protected":false},"author":8,"featured_media":47239,"comment_status":"closed","ping_status":"closed","sticky":false,"template":"","format":"standard","meta":{"ub_ctt_via":"","_mi_skip_tracking":false},"categories":[16],"tags":[],"featured_image_src":"https:\/\/www.messinaoggi.it\/website\/wp-content\/uploads\/2020\/09\/galleria-darte-Lucio-Barbera-1.jpg","author_info":{"display_name":"red..me","author_link":"https:\/\/www.messinaoggi.it\/website\/author\/redstage\/"},"digistream_id":0,"digistream":false,"_links":{"self":[{"href":"https:\/\/www.messinaoggi.it\/website\/wp-json\/wp\/v2\/posts\/47238"}],"collection":[{"href":"https:\/\/www.messinaoggi.it\/website\/wp-json\/wp\/v2\/posts"}],"about":[{"href":"https:\/\/www.messinaoggi.it\/website\/wp-json\/wp\/v2\/types\/post"}],"author":[{"embeddable":true,"href":"https:\/\/www.messinaoggi.it\/website\/wp-json\/wp\/v2\/users\/8"}],"replies":[{"embeddable":true,"href":"https:\/\/www.messinaoggi.it\/website\/wp-json\/wp\/v2\/comments?post=47238"}],"version-history":[{"count":0,"href":"https:\/\/www.messinaoggi.it\/website\/wp-json\/wp\/v2\/posts\/47238\/revisions"}],"wp:featuredmedia":[{"embeddable":true,"href":"https:\/\/www.messinaoggi.it\/website\/wp-json\/wp\/v2\/media\/47239"}],"wp:attachment":[{"href":"https:\/\/www.messinaoggi.it\/website\/wp-json\/wp\/v2\/media?parent=47238"}],"wp:term":[{"taxonomy":"category","embeddable":true,"href":"https:\/\/www.messinaoggi.it\/website\/wp-json\/wp\/v2\/categories?post=47238"},{"taxonomy":"post_tag","embeddable":true,"href":"https:\/\/www.messinaoggi.it\/website\/wp-json\/wp\/v2\/tags?post=47238"}],"curies":[{"name":"wp","href":"https:\/\/api.w.org\/{rel}","templated":true}]}}