{"id":47150,"date":"2020-09-12T10:52:33","date_gmt":"2020-09-12T08:52:33","guid":{"rendered":"https:\/\/www.messinaoggi.it\/website\/?p=47150"},"modified":"2020-09-12T10:52:33","modified_gmt":"2020-09-12T08:52:33","slug":"falcone-in-visita-alle-eolie-stiamo-cambiando-la-portualita-dellarcipelago","status":"publish","type":"post","link":"https:\/\/www.messinaoggi.it\/website\/2020\/09\/12\/falcone-in-visita-alle-eolie-stiamo-cambiando-la-portualita-dellarcipelago\/","title":{"rendered":"Falcone in visita alle Eolie: &quot;Stiamo cambiando la portualit\u00e0 dell&#039;arcipelago&quot;"},"content":{"rendered":"<p>Visita istituzionale, ieri, dell\u2019assessore regionale alle Infrastrutture Marco Falcone alle isole Eolie. L\u2019esponente del governo Musumeci ha toccato le isole di Salina, Vulcano e Lipari, accolto dai sindaci Domenico Arabia, Clara Rametta, Marco Giorgianni e dal vicesindaco di Lipari Gaetano Orto. Falcone ha inoltre preso parte alla manifestazione \u201cGreen Salina Energy Days\u201d promossa dall\u2019Enea sull&#8217;isola pilota Ue per la transizione verso l&#8217;energia pulita.<br \/>\n\u201cSiamo tornati alle Eolie &#8211; ha dichiarato Falcone &#8211; per dare ulteriore prova della vicinanza del governo Musumeci all\u2019arcipelago e alle esigenze delle sue comunit\u00e0. Qui abbiamo avviato una strategia milionaria di investimento sulla portualit\u00e0 gi\u00e0 pienamente in atto e che cambier\u00e0 la mobilit\u00e0 delle isole, basata anche sul confronto costante con gli isolani\u201d. L\u2019assessore ha visitato i principali cantieri in atto, le nuove stazioni marittime di Lipari e Vulcano gi\u00e0 installate, e i porti che saranno oggetto di interventi nei prossimi mesi. Preannunciato anche il prolungamento dell&#8217;orario estivo dei collegamenti veloci Sicilia-Eolie finanziati dalla Regione.<br \/>\n&#8220;A Santa Marina Salina la messa in sicurezza del porto pi\u00f9 importante dell&#8217;Isola, opera da oltre un milione, procede spedita e si concluder\u00e0 entro cinque mesi. Sempre a Salina, il governo Musumeci ha destinato ben 19 milioni per costruire a Malfa un nuovo porto pi\u00f9 efficiente e moderno. A Vulcano &#8211; aggiunge Falcone &#8211; entro pochi mesi faremo partire i lavori per il pontile aliscafi chiuso da pi\u00f9 di quattro anni: la Regione intende dare all&#8217;isola un approdo pi\u00f9 grande e solido, finalmente all&#8217;altezza della porta delle Eolie&#8221;.<br \/>\n\t<div class=\"carousel-container\">\r\n\t\t\t\t\t\t<ul class=\"carousel\">\r\n\t\t\t\t\t\t\t<input class=\"carousel_activator\" type=\"radio\" id=\"immagine_1\" name=\"activator\" checked=\"checked\"\/><input class=\"carousel_activator\" type=\"radio\" id=\"immagine_2\" name=\"activator\" \/>  <div class=\"carousel_controls\">\r\n\t\t\t\t\t\t\t\t\t\t\t<label class=\"carousel_control carousel_control--backward\" for=\"immagine_2\"><\/label>\r\n\t\t\t\t\t\t\t\t\t\t\t<label class=\"carousel_control carousel_control--forward\" for=\"immagine_2\"><\/label>\r\n\t\t\t\t\t\t\t\t\t\t<\/div>\t<div class=\"carousel_controls\">\r\n\t\t\t\t\t\t\t\t\t\t\t<label class=\"carousel_control carousel_control--backward\" for=\"immagine_1\"><\/label>\r\n\t\t\t\t\t\t\t\t\t\t\t<label class=\"carousel_control carousel_control--forward\" for=\"immagine_1\"><\/label>\r\n\t\t\t\t\t\t\t\t\t\t<\/div>\r\n\t\t\t\t\t\t\t<li class=\"carousel_slide\"><h1 style=\"color:white;\">Falcone al porto di Santa Marina Salina<\/h1><\/li><li class=\"carousel_slide\"><h1 style=\"color:white;\">Falcone a Vulcano<\/h1><\/li>\r\n\t\t\t\t\t\t\t<div class=\"carousel_indicators\"><label class=\"carousel_indicator\" for=\"immagine_1\"><\/label><label class=\"carousel_indicator\" for=\"immagine_2\"><\/label><\/div>\r\n\t\t\t\t\t\t<\/ul>\r\n\t\t\t\t\t<\/div>\r\n\t\t<style>.carousel-container {display: inline-block;width:100%;}.carousel {height: 450px;width: 100%;overflow: hidden;text-align: center;position: relative;padding: 0;list-style: none;}.carousel_controls,.carousel_activator {display: none;}.carousel_control {height: 30px;width: 30px;margin-top: -15px;top: 50%;position: absolute;display: block;cursor: pointer;border-width: 5px 5px 0 0;border-style: solid;border-color: #fafafa;opacity: 0.9;outline: 0;z-index: 3;}.carousel_control:hover {opacity: 1;}.carousel_control--backward {left: 10px;-webkit-transform: rotate(-135deg);transform: rotate(-135deg);}.carousel_control--forward {right: 10px;-webkit-transform: rotate(45deg);transform: rotate(45deg);}.carousel_indicators {position: absolute;bottom: 20px;width: 100%;text-align: center;}.carousel_indicator {height: 15px;width: 15px;border-radius: 100%;display: inline-block;z-index: 2;cursor: pointer;opacity: 0.35;margin: 0 2.5px 0 2.5px;}.carousel_indicator:hover {opacity: 0.75;}.carousel_track {position: absolute;top: 0;right: 0;bottom: 0;left: 0;padding: 0;margin: 0;transition: -webkit-transform 1s ease 0s;transition: transform 1s ease 0s;transition: transform 1s ease 0s, -webkit-transform 1s ease 0s;}.carousel_track .carousel_slide {display: block;top: 0;left: 0;right: 0;opacity: 1;}.carousel--scale .carousel_slide {-webkit-transform: scale(0);transform: scale(0);}.carousel_slide {height: 100%;position: absolute!important;overflow-y: auto;opacity: 0;}.carousel_slide {overflow: hidden;}.carousel--thumb .carousel_indicator {height: 30px;width: 30px;}.carousel_indicator {background-color: #fafafa;}.carousel_activator:nth-of-type(1):checked ~ .carousel_track { -webkit-transform: translateX(0%);transform: translateX(0%); }\r\n\t\t\t\t\t\t\t.carousel_activator:nth-of-type(1):checked ~ .carousel_slide:nth-of-type(1) { transition: opacity 1s, -webkit-transform 1s;transition: opacity 1s, transform 1s;transition: opacity 1s, transform 1s, -webkit-transform 1s;top: 0;left: 0;right: 0;opacity: 1;-webkit-transform: scale(1);transform: scale(1); }\r\n\t\t\t\t\t\t\t.carousel_activator:nth-of-type(1):checked ~ .carousel_controls:nth-of-type(1) { display: block;opacity: 1; }\r\n\t\t\t\t\t\t\t.carousel_activator:nth-of-type(1):checked ~ .carousel_indicators .carousel_indicator:nth-of-type(1) { opacity: 1; }\r\n\t\t\t\t\t\t\t.carousel_slide:nth-of-type(1), .carousel--thumb .carousel_indicators .carousel_indicator:nth-of-type(1) { background-image: url(https:\/\/www.messinaoggi.it\/website\/wp-content\/uploads\/2020\/09\/Falcone-al-porto-di-Santa-Marina-Salina.jpg);background-size: contain;background-position: center;background-repeat: no-repeat;background-color: black; }\r\n\t\t\t\t\t\t\t.carousel_track .carousel_slide:nth-of-type(1) { -webkit-transform: translateX(0%);transform: translateX(0%);}.carousel_activator:nth-of-type(2):checked ~ .carousel_track { -webkit-transform: translateX(0%);transform: translateX(0%); }\r\n\t\t\t\t\t\t\t.carousel_activator:nth-of-type(2):checked ~ .carousel_slide:nth-of-type(2) { transition: opacity 1s, -webkit-transform 1s;transition: opacity 1s, transform 1s;transition: opacity 1s, transform 1s, -webkit-transform 1s;top: 0;left: 0;right: 0;opacity: 1;-webkit-transform: scale(1);transform: scale(1); }\r\n\t\t\t\t\t\t\t.carousel_activator:nth-of-type(2):checked ~ .carousel_controls:nth-of-type(2) { display: block;opacity: 1; }\r\n\t\t\t\t\t\t\t.carousel_activator:nth-of-type(2):checked ~ .carousel_indicators .carousel_indicator:nth-of-type(2) { opacity: 1; }\r\n\t\t\t\t\t\t\t.carousel_slide:nth-of-type(2), .carousel--thumb .carousel_indicators .carousel_indicator:nth-of-type(2) { background-image: url(https:\/\/www.messinaoggi.it\/website\/wp-content\/uploads\/2020\/09\/Falcone-a-Vulcano.jpg);background-size: contain;background-position: center;background-repeat: no-repeat;background-color: black; }\r\n\t\t\t\t\t\t\t.carousel_track .carousel_slide:nth-of-type(2) { -webkit-transform: translateX(100%);transform: translateX(100%);}<\/style><br \/>\nUltima tappa a Lipari. &#8220;Siamo andati in sopralluogo al Porto sottomonastero dove una prima parte del risanamento da pi\u00f9 di un milione voluto dalla Regione si \u00e8 conclusa, mentre a giorni chiuderemo la gara per arredi e riqualificazione urbana. Nei prossimi mesi, inoltre, partiranno i lavori da tre milioni e mezzo di euro per il prolungamento del pontile degli aliscafi, uno strategico ammodernamento che Lipari attende da anni per il suo porto, il pi\u00f9 importante delle Eolie&#8221;.<br \/>\n<a href=\"https:\/\/www.messinaoggi.it\/website\/wp-content\/uploads\/2020\/09\/Falcone-a-Lipari.jpg\"><img loading=\"lazy\" class=\"alignnone size-full wp-image-47152\" src=\"https:\/\/www.messinaoggi.it\/website\/wp-content\/uploads\/2020\/09\/Falcone-a-Lipari.jpg\" alt=\"\" width=\"1280\" height=\"960\" \/><\/a><div id=\"div-gpt-ad-Messinaoggi.it-DSK-300x250-corpoart\" style=\"text-align:center;margin:0 auto;\"><\/div><\/p>\n<div id=\"videoincontent\" style=\"clear:both\";><\/div>","protected":false},"excerpt":{"rendered":"<p>Visita istituzionale, ieri, dell\u2019assessore regionale alle Infrastrutture Marco Falcone alle isole Eolie. L\u2019esponente del governo Musumeci ha toccato le isole di Salina, Vulcano e Lipari, accolto dai sindaci Domenico Arabia, Clara Rametta, Marco Giorgianni e dal vicesindaco di Lipari Gaetano Orto. Falcone ha inoltre preso parte alla manifestazione \u201cGreen Salina Energy Days\u201d promossa dall\u2019Enea sull&#8217;isola [&hellip;]<\/p>\n","protected":false},"author":8,"featured_media":47151,"comment_status":"closed","ping_status":"closed","sticky":false,"template":"","format":"standard","meta":{"ub_ctt_via":"","_mi_skip_tracking":false},"categories":[13,14],"tags":[],"featured_image_src":"https:\/\/www.messinaoggi.it\/website\/wp-content\/uploads\/2020\/09\/Falcone-al-Terminal-Lipari.jpg","author_info":{"display_name":"red..me","author_link":"https:\/\/www.messinaoggi.it\/website\/author\/redstage\/"},"digistream_id":0,"digistream":false,"_links":{"self":[{"href":"https:\/\/www.messinaoggi.it\/website\/wp-json\/wp\/v2\/posts\/47150"}],"collection":[{"href":"https:\/\/www.messinaoggi.it\/website\/wp-json\/wp\/v2\/posts"}],"about":[{"href":"https:\/\/www.messinaoggi.it\/website\/wp-json\/wp\/v2\/types\/post"}],"author":[{"embeddable":true,"href":"https:\/\/www.messinaoggi.it\/website\/wp-json\/wp\/v2\/users\/8"}],"replies":[{"embeddable":true,"href":"https:\/\/www.messinaoggi.it\/website\/wp-json\/wp\/v2\/comments?post=47150"}],"version-history":[{"count":0,"href":"https:\/\/www.messinaoggi.it\/website\/wp-json\/wp\/v2\/posts\/47150\/revisions"}],"wp:featuredmedia":[{"embeddable":true,"href":"https:\/\/www.messinaoggi.it\/website\/wp-json\/wp\/v2\/media\/47151"}],"wp:attachment":[{"href":"https:\/\/www.messinaoggi.it\/website\/wp-json\/wp\/v2\/media?parent=47150"}],"wp:term":[{"taxonomy":"category","embeddable":true,"href":"https:\/\/www.messinaoggi.it\/website\/wp-json\/wp\/v2\/categories?post=47150"},{"taxonomy":"post_tag","embeddable":true,"href":"https:\/\/www.messinaoggi.it\/website\/wp-json\/wp\/v2\/tags?post=47150"}],"curies":[{"name":"wp","href":"https:\/\/api.w.org\/{rel}","templated":true}]}}