{"id":47114,"date":"2020-09-10T11:15:34","date_gmt":"2020-09-10T09:15:34","guid":{"rendered":"https:\/\/www.messinaoggi.it\/website\/?p=47114"},"modified":"2020-09-10T11:15:34","modified_gmt":"2020-09-10T09:15:34","slug":"atm-e-covid-i-sindacati-occorrono-piu-autisti-e-mezzi-per-garantire-la-sicurezza","status":"publish","type":"post","link":"https:\/\/www.messinaoggi.it\/website\/2020\/09\/10\/atm-e-covid-i-sindacati-occorrono-piu-autisti-e-mezzi-per-garantire-la-sicurezza\/","title":{"rendered":"Atm e Covid, i sindacati: &quot;Occorrono pi\u00f9 autisti e mezzi per garantire la sicurezza&quot;"},"content":{"rendered":"<p>\u201cNon si sottovaluti l\u2019utenza che per accompagnare i figli a scuola sceglier\u00e0 il mezzo privato e avremo la citt\u00e0 invasa dal traffico. Abbiamo la sensazione che dal fronte scolastico cittadino, troppi istituti stiano sottovalutando la problematica del trasporto urbano al tempo dell&#8217;emergenza COVID e che il trasporto pubblico cittadino, cos\u00ec facendo, non sia messo nelle condizioni di fronteggiare la mobilit\u00e0 degli studenti alla riapertura delle scuole. Occorrono pi\u00f9 autisti e mezzi per garantire la sicurezza di lavoratori e studenti messinesi, ma anche ingressi e uscite scaglionate in fasce orarie pi\u00f9 ampie di quelle previste\u201d. \u00c8 l&#8217;allarme lanciato da Nino Di Mento, segretario UIltrasporti, e Carmelo Garufi, segretario Filt Cgil.<br \/>\n<strong>&#8220;Atm non nelle condizioni di trattare tanti studenti&#8221;.<\/strong> &#8220;\u00c8 prossima la riapertura delle scuole in citt\u00e0 che, con tutta probabilit\u00e0, avr\u00e0 luogo a pieno regime solo dopo il 24 settembre\u00a0 &#8211; dichiarano i sindacalisti &#8211; ma l&#8217;Atm Spa pare non sia messa ancora nelle condizioni da parte di tanti\u00a0 istituti scolastici di dotarsi di una programmazione certa e di un piano d&#8217;esercizio che tenga conto del grande flusso di studenti che si concentrer\u00e0 in fasce di orario mattutine ancora troppo ristrette nonostante incontri e svariati solleciti dell\u2019azienda. Nonostante inoltre sia previsto un ulteriore incremento di bus \u00e8 inevitabile la necessit\u00e0 anche di pi\u00f9 personale autista che in questi primi mesi scolastici sia in grado di essere immediatamente utilizzato sul campo. Reputiamo tuttavia che su questo fronte, oltre a servire una maggiore collaborazione degli Istituti scolastici, solo l&#8217;Azienda pu\u00f2 quantificare e programmare le risorse necessarie per il piano esercizio Atm del prossimo inverno. Il piano, esposto in bozza ai sindacati lo scorso 9 settembre, \u00e8 ad oggi in fase di programmazione e l&#8217;Atm deve essere messa in condizione di arrivare pronta all\u2019inizio dell\u2019anno scolastico.<br \/>\n<strong>&#8220;Individuare pi\u00f9 risorse modificando il contratto di servizio&#8221;.<\/strong> &#8220;In questo stato di cose reputiamo che le attivit\u00e0 necessarie al trasporto pubblico cittadino per l\u2019emergenza Covid debbano ancora essere strutturate adeguatamente ed inviate all&#8217;Amministrazione comunale dalla Atm Spa, attraverso la richiesta di una modifica del contratto di servizio che dia garanzia di ulteriori risorse adeguate alla fase emergenziale Covid. Operazione questa a costo zero per le casse dell&#8217;Azienda poich\u00e9 le risorse andranno individuate attraverso i fondi statali riservati all&#8217;emergenza COVID-19. In questo percorso rischiamo di essere in ritardo e di inceppare il gi\u00e0 precario trasporto pubblico locale in piena emergenza sanitaria. Chiediamo che l\u2019Atm esiti pertanto al pi\u00f9 presto una urgente richiesta alla Giunta Comunale per la modifica del contratto di servizio, chiedendo la copertura economica con i fondi COVID-19 per fronteggiare l&#8217;emergenza del TPL in vista dell&#8217;apertura delle scuole e per l&#8217;assunzione di autisti a tempo determinato. Solo cos\u00ec la giunta comunale, avallando tale richiesta, dovr\u00e0 formulare con priorit\u00e0 assoluta la proposta di delibera da inviare al Consiglio Comunale per la sua approvazione. Siamo certi che il Consiglio Comunale non appena sar\u00e0 esitata questa delibera non avr\u00e0 alcuna titubanza ad approvare favorevolmente un percorso utile e necessario per la citt\u00e0 durante la fase dell&#8217;emergenza, garantendo in tempi rapidi un trasporto pubblico efficiente anche e soprattutto attraverso l&#8217;incremento di nuova occupazione\u201d.<div id=\"div-gpt-ad-Messinaoggi.it-DSK-300x250-corpoart\" style=\"text-align:center;margin:0 auto;\"><\/div><\/p>\n<div id=\"videoincontent\" style=\"clear:both\";><\/div>","protected":false},"excerpt":{"rendered":"<p>\u201cNon si sottovaluti l\u2019utenza che per accompagnare i figli a scuola sceglier\u00e0 il mezzo privato e avremo la citt\u00e0 invasa dal traffico. Abbiamo la sensazione che dal fronte scolastico cittadino, troppi istituti stiano sottovalutando la problematica del trasporto urbano al tempo dell&#8217;emergenza COVID e che il trasporto pubblico cittadino, cos\u00ec facendo, non sia messo nelle [&hellip;]<\/p>\n","protected":false},"author":8,"featured_media":40505,"comment_status":"closed","ping_status":"closed","sticky":false,"template":"","format":"standard","meta":{"ub_ctt_via":"","_mi_skip_tracking":false},"categories":[4],"tags":[],"featured_image_src":"https:\/\/www.messinaoggi.it\/website\/wp-content\/uploads\/2020\/02\/bus-atm.jpg","author_info":{"display_name":"red..me","author_link":"https:\/\/www.messinaoggi.it\/website\/author\/redstage\/"},"digistream_id":0,"digistream":false,"_links":{"self":[{"href":"https:\/\/www.messinaoggi.it\/website\/wp-json\/wp\/v2\/posts\/47114"}],"collection":[{"href":"https:\/\/www.messinaoggi.it\/website\/wp-json\/wp\/v2\/posts"}],"about":[{"href":"https:\/\/www.messinaoggi.it\/website\/wp-json\/wp\/v2\/types\/post"}],"author":[{"embeddable":true,"href":"https:\/\/www.messinaoggi.it\/website\/wp-json\/wp\/v2\/users\/8"}],"replies":[{"embeddable":true,"href":"https:\/\/www.messinaoggi.it\/website\/wp-json\/wp\/v2\/comments?post=47114"}],"version-history":[{"count":0,"href":"https:\/\/www.messinaoggi.it\/website\/wp-json\/wp\/v2\/posts\/47114\/revisions"}],"wp:featuredmedia":[{"embeddable":true,"href":"https:\/\/www.messinaoggi.it\/website\/wp-json\/wp\/v2\/media\/40505"}],"wp:attachment":[{"href":"https:\/\/www.messinaoggi.it\/website\/wp-json\/wp\/v2\/media?parent=47114"}],"wp:term":[{"taxonomy":"category","embeddable":true,"href":"https:\/\/www.messinaoggi.it\/website\/wp-json\/wp\/v2\/categories?post=47114"},{"taxonomy":"post_tag","embeddable":true,"href":"https:\/\/www.messinaoggi.it\/website\/wp-json\/wp\/v2\/tags?post=47114"}],"curies":[{"name":"wp","href":"https:\/\/api.w.org\/{rel}","templated":true}]}}