{"id":47100,"date":"2020-09-09T10:44:26","date_gmt":"2020-09-09T08:44:26","guid":{"rendered":"https:\/\/www.messinaoggi.it\/website\/?p=47100"},"modified":"2020-09-09T10:44:26","modified_gmt":"2020-09-09T08:44:26","slug":"rdc-al-via-ai-lavori-socialmente-utili-soddisfatti-m5s-e-vento-dello-stretto","status":"publish","type":"post","link":"https:\/\/www.messinaoggi.it\/website\/2020\/09\/09\/rdc-al-via-ai-lavori-socialmente-utili-soddisfatti-m5s-e-vento-dello-stretto\/","title":{"rendered":"Rdc, al via ai lavori socialmente utili: soddisfatti M5S e Vento dello Stretto"},"content":{"rendered":"<p>Anche a Messina prenderanno avvio i Progetti di utilit\u00e0 collettiva (Puc), i lavori socialmente utili destinati ai percettori del Reddito di cittadinanza (Rdc). L\u2019Amministrazione messinese ha infatti pubblicato un avviso di selezione rivolto ad aziende, fondazioni, istituzioni religiose, oltre a enti pubblici, che saranno chiamati a presentare la propria disponibilit\u00e0 per promuovere questi progetti.<br \/>\nSoddisfatto al riguardo il gruppo in Consiglio comunale del Movimento 5 Stelle: \u201cSiamo contenti che il nostro Comune abbia avviato questo percorso che rappresenta un\u2019occasione storica e, proprio per questo, noi consiglieri comunali del M5S abbiamo sempre sollecitato l\u2019amministrazione nelle varie Commissioni e in ogni occasione utile, ad accelerare le procedure per predisporli, in quanto riteniamo che l\u2019utilizzo di questo capitale umano sia fondamentale&#8221;, dichiarano i consiglieri comunali del Movimento 5 Stelle Giuseppe Fusco, Andrea Argento, Cristina Cannistr\u00e0, Giuseppe Schepis e Paolo Mangano.<br \/>\n&#8220;Queste attivit\u00e0, in particolare, prevedono dalle 8 alle 16 ore di lavoro settimanali e, per la citt\u00e0 di Messina, sono pi\u00f9 di 8000 i potenziali candidati per ricoprire un ruolo in uno dei possibili progetti. &#8211; proseguono &#8211; Quindi, dalla cura del verde pubblico alla realizzazione di progetti culturali, passando dall&#8217;implementazione dell\u2019attivit\u00e0 delle partecipate come Messinaservizi Bene Comune, Atm e Messina Social City, le potenzialit\u00e0 di applicazione sono pressoch\u00e9 infinite\u201d.<br \/>\n<strong>\u201cL\u2019Amministrazione comunale ci ha ascoltato ma non ci ha risposto, va bene comunque\u201d.<\/strong> Soddisfatto anche il movimento \u201cVento dello Stretto\u201d, anche se l\u2019Amministrazione non ha risposto a una loro precedente nota con la quale richiedeva l\u2019istituzione dei suddetti progetti: \u201cL\u2019amministrazione comunale ci ha ascoltato ma non ci ha risposto, va bene comunque! Abbiamo protocollato, con pec inoltrata il 24 giugno scorso, una nota con la quale richiedevamo all\u2019Amministrazione De Luca di predisporre senza indugio i progetti utili alla collettivit\u00e0 cos\u00ec da permettere ai percettori del Reddito di cittadinanza di svolgere lavori socialmente utili. Non abbiamo mai ricevuto alcuna risposta ma a quanto pare l\u2019idea \u00e8 piaciuta alla Giunta\u201d, ha dichiarato Dario Carbone, vicepresidente di \u201cVento dello Stretto\u201d.<br \/>\n\u201cSiamo contenti che l\u2019Amministrazione comunale, evidentemente condividendone lo spirito, abbia finalmente reso possibile il fatto che, come da noi suggerito tempo addietro, i percettori del Rdc, nell\u2019attesa di trovare un&#8217;occupazione, diano il loro contributo alla comunit\u00e0 mediante lo svolgimento di lavori socialmente utili in ambito culturale, sociale, artistico, ambientale, formativo e di tutela dei beni comuni. \u00c8 giusto che chi riceve un sussidio dallo Stato restituisca con il proprio lavoro alla Comunit\u00e0 quanto ricevuto\u201d, aggiunge Piero Adamo, presidente del movimento.<div id=\"div-gpt-ad-Messinaoggi.it-DSK-300x250-corpoart\" style=\"text-align:center;margin:0 auto;\"><\/div><\/p>\n<div id=\"videoincontent\" style=\"clear:both\";><\/div>","protected":false},"excerpt":{"rendered":"<p>Anche a Messina prenderanno avvio i Progetti di utilit\u00e0 collettiva (Puc), i lavori socialmente utili destinati ai percettori del Reddito di cittadinanza (Rdc). L\u2019Amministrazione messinese ha infatti pubblicato un avviso di selezione rivolto ad aziende, fondazioni, istituzioni religiose, oltre a enti pubblici, che saranno chiamati a presentare la propria disponibilit\u00e0 per promuovere questi progetti. Soddisfatto [&hellip;]<\/p>\n","protected":false},"author":8,"featured_media":7662,"comment_status":"closed","ping_status":"closed","sticky":false,"template":"","format":"standard","meta":{"ub_ctt_via":"","_mi_skip_tracking":false},"categories":[4],"tags":[],"featured_image_src":"https:\/\/www.messinaoggi.it\/website\/wp-content\/uploads\/2017\/09\/giovani-lavoro-disoccupazione-672x351-kORD-835x437@IlSole24Ore-Web-2.jpg","author_info":{"display_name":"red..me","author_link":"https:\/\/www.messinaoggi.it\/website\/author\/redstage\/"},"digistream_id":0,"digistream":false,"_links":{"self":[{"href":"https:\/\/www.messinaoggi.it\/website\/wp-json\/wp\/v2\/posts\/47100"}],"collection":[{"href":"https:\/\/www.messinaoggi.it\/website\/wp-json\/wp\/v2\/posts"}],"about":[{"href":"https:\/\/www.messinaoggi.it\/website\/wp-json\/wp\/v2\/types\/post"}],"author":[{"embeddable":true,"href":"https:\/\/www.messinaoggi.it\/website\/wp-json\/wp\/v2\/users\/8"}],"replies":[{"embeddable":true,"href":"https:\/\/www.messinaoggi.it\/website\/wp-json\/wp\/v2\/comments?post=47100"}],"version-history":[{"count":0,"href":"https:\/\/www.messinaoggi.it\/website\/wp-json\/wp\/v2\/posts\/47100\/revisions"}],"wp:featuredmedia":[{"embeddable":true,"href":"https:\/\/www.messinaoggi.it\/website\/wp-json\/wp\/v2\/media\/7662"}],"wp:attachment":[{"href":"https:\/\/www.messinaoggi.it\/website\/wp-json\/wp\/v2\/media?parent=47100"}],"wp:term":[{"taxonomy":"category","embeddable":true,"href":"https:\/\/www.messinaoggi.it\/website\/wp-json\/wp\/v2\/categories?post=47100"},{"taxonomy":"post_tag","embeddable":true,"href":"https:\/\/www.messinaoggi.it\/website\/wp-json\/wp\/v2\/tags?post=47100"}],"curies":[{"name":"wp","href":"https:\/\/api.w.org\/{rel}","templated":true}]}}