{"id":47093,"date":"2020-09-08T22:20:07","date_gmt":"2020-09-08T20:20:07","guid":{"rendered":"https:\/\/www.messinaoggi.it\/website\/?p=47093"},"modified":"2020-09-08T22:20:07","modified_gmt":"2020-09-08T20:20:07","slug":"covid-e-scuola-azzolina-interrogata-sui-social","status":"publish","type":"post","link":"https:\/\/www.messinaoggi.it\/website\/2020\/09\/08\/covid-e-scuola-azzolina-interrogata-sui-social\/","title":{"rendered":"Covid e scuola, Azzolina &quot;interrogata&quot; sui social"},"content":{"rendered":"<div id=\"lasic-897369948\" class=\"lasic-prima-del-contenuto\">&#8220;Tornare a scuola \u00e8 prioritario: le scuole saranno pronte ad accogliervi. A voi chiedo di fidarvi e di seguire poche e semplici regole&#8221;. Ad affermarlo \u00e8\u00a0 il ministro dell\u2019Istruzione, Lucia Azzolina, che risponde ad una serie di domande su Fb.<\/div>\n<p><strong>QUANDO SI TORNA A SCUOLA. <\/strong>Il calendario scolastico \u00e8 deciso dalle regioni. Io credo che in generale prima si inizia e meglio \u00e8 le scuole interessate dal voto sono meno della met\u00e0. Le scuole hanno organizzato tutto per il rientro in alcuni casi ci sono ingressi scaglionati. Informatevi sul sito del vostro istituto per sapere con certezza gli orari, dice la ministra ai ragazzi.<br \/>\n<strong>MISURAZIONE DELLA TEMPERATURA. <\/strong>La temperatura va misurata ogni giorno a casa. E\u2019 un piccolo gesto di responsabilit\u00e0; con la febbre sopra i 37 e mezzo si deve rimanere a casa e chiamare il medico.<br \/>\n<strong>USO DELLE MASCHERINE.<\/strong> Il comitato tecnico-scientifico raccomanda l\u2019uso di quelle chirurgiche. Noi ne forniremo 11 milioni al giorno per studenti e personale scolastico. La mascherina va indossata all\u2019ingresso, in uscita e nelle situazioni di movimento; quanto siete seduti se c\u2019\u00e8 un metro di distanza si pu\u00f2 abbassarla, dice la titolare del ministero dell\u2019Istruzione rispondendo agli studenti.<br \/>\n<strong>SE UNO STUDENTE O UN PROF E\u2019 POSITIVO, TUTTA LA CLASSE VA IN QUARANTENA?<\/strong>\u00a0La decisione la prende la Asl. Piu studenti useranno la app immuni pi\u00f9 sar\u00e0 facile circoscrivere i contatti per eventuali quarantene. Anche per i docenti si proceder\u00e0 con l\u2019attivit\u00e0 di tracciamento e la asl decider\u00e0 la strategia pi\u00f9 adatta.<br \/>\n<strong>SI PUO\u2019 FARE RICREAZIONE A SCUOLA?<\/strong>\u00a0L\u2019intervallo si far\u00e0, bisogna rispettare le regole previste: indossare le mascherine ed evitare assembramenti.<br \/>\n<strong>SI FARA\u2019 EDUCAZIONE FISICA?<\/strong> Si far\u00e0 rispettando il distanziamento di 2 metri e senza usare la mascherina. Ove possibile le attivit\u00e0 di educazione fisica verranno svolte all\u2019aperto.<div id=\"div-gpt-ad-Messinaoggi.it-DSK-300x250-corpoart\" style=\"text-align:center;margin:0 auto;\"><\/div><\/p>\n<div id=\"videoincontent\" style=\"clear:both\";><\/div>","protected":false},"excerpt":{"rendered":"<p>&#8220;Tornare a scuola \u00e8 prioritario: le scuole saranno pronte ad accogliervi. A voi chiedo di fidarvi e di seguire poche e semplici regole&#8221;. Ad affermarlo \u00e8\u00a0 il ministro dell\u2019Istruzione, Lucia Azzolina, che risponde ad una serie di domande su Fb. QUANDO SI TORNA A SCUOLA. Il calendario scolastico \u00e8 deciso dalle regioni. Io credo che [&hellip;]<\/p>\n","protected":false},"author":4,"featured_media":42271,"comment_status":"closed","ping_status":"closed","sticky":false,"template":"","format":"standard","meta":{"ub_ctt_via":"","_mi_skip_tracking":false},"categories":[221],"tags":[],"featured_image_src":"https:\/\/www.messinaoggi.it\/website\/wp-content\/uploads\/2020\/04\/Azzolina-1024x443.jpeg.jpg","author_info":{"display_name":"redme","author_link":"https:\/\/www.messinaoggi.it\/website\/author\/redme\/"},"digistream_id":0,"digistream":false,"_links":{"self":[{"href":"https:\/\/www.messinaoggi.it\/website\/wp-json\/wp\/v2\/posts\/47093"}],"collection":[{"href":"https:\/\/www.messinaoggi.it\/website\/wp-json\/wp\/v2\/posts"}],"about":[{"href":"https:\/\/www.messinaoggi.it\/website\/wp-json\/wp\/v2\/types\/post"}],"author":[{"embeddable":true,"href":"https:\/\/www.messinaoggi.it\/website\/wp-json\/wp\/v2\/users\/4"}],"replies":[{"embeddable":true,"href":"https:\/\/www.messinaoggi.it\/website\/wp-json\/wp\/v2\/comments?post=47093"}],"version-history":[{"count":0,"href":"https:\/\/www.messinaoggi.it\/website\/wp-json\/wp\/v2\/posts\/47093\/revisions"}],"wp:featuredmedia":[{"embeddable":true,"href":"https:\/\/www.messinaoggi.it\/website\/wp-json\/wp\/v2\/media\/42271"}],"wp:attachment":[{"href":"https:\/\/www.messinaoggi.it\/website\/wp-json\/wp\/v2\/media?parent=47093"}],"wp:term":[{"taxonomy":"category","embeddable":true,"href":"https:\/\/www.messinaoggi.it\/website\/wp-json\/wp\/v2\/categories?post=47093"},{"taxonomy":"post_tag","embeddable":true,"href":"https:\/\/www.messinaoggi.it\/website\/wp-json\/wp\/v2\/tags?post=47093"}],"curies":[{"name":"wp","href":"https:\/\/api.w.org\/{rel}","templated":true}]}}