{"id":47080,"date":"2020-09-08T10:04:18","date_gmt":"2020-09-08T08:04:18","guid":{"rendered":"https:\/\/www.messinaoggi.it\/website\/?p=47080"},"modified":"2020-09-08T10:04:18","modified_gmt":"2020-09-08T08:04:18","slug":"via-don-blasco-pali-al-centro-del-marciapiede-gioveni-e-inaccettabile","status":"publish","type":"post","link":"https:\/\/www.messinaoggi.it\/website\/2020\/09\/08\/via-don-blasco-pali-al-centro-del-marciapiede-gioveni-e-inaccettabile\/","title":{"rendered":"Via Don Blasco, pali al centro del marciapiede. Gioveni: &quot;\u00c8 inaccettabile&quot;"},"content":{"rendered":"<p>&#8220;Come si pu\u00f2 definire, se non abbaglio progettuale, l&#8217;inserimento dei pali della pubblica illuminazione esattamente al centro del marciapiede nella costruenda strada di collegamento di via Don Blasco?&#8221;. Cos\u00ec il consigliere comunale Libero Gioveni, mettendo in evidenza che la decisione di collocare i suddetti pali al centro del marciapiede possa causare delle difficolt\u00e0 a chi transiter\u00e0 con un passeggino o una sedia a rotelle: &#8220;Non avendo preso una rullina metrica in mano, &#8211; prosegue il consigliere &#8211; non conosco quanto distano esattamente i pali dal muro o dal ciglio del nuovo marciapiede della via Giuseppe Franza, ma possibile che non si arrivi a pensare alle difficolt\u00e0 di passaggio di un passeggino o di una sedia a rotelle?&#8221;.<br \/>\n&#8220;Ritengo non si possa accettare che dei soldi pubblici vengano spesi nel caso di specie senza alcuna logica (perch\u00e9 non posizionare i pali su un lato anzich\u00e9 al centro?) o comunque senza ottenere una piena funzionalit\u00e0. &#8211; insiste il consigliere comunale &#8211; Davvero assurdo tutto questo soprattutto se si pensa che tutti i pali finora posti in opera siano stati posizionati cos\u00ec, con tanto di rifiniture del marciapiede che fanno pensare evidentemente alla remotissima possibilit\u00e0 che il lavoro venga rifatto di nuovo a perfetta regola d&#8217;arte.<br \/>\n&#8220;Mi far\u00f2 carico a questo punto &#8211; conclude Gioveni &#8211; alla luce di quanto rappresentato, di calendarizzare delle sedute della Commissione lavori pubblici che presiedo per verificare con i vari RUP e direttore dei lavori delle costruende grandi opere pubbliche in citt\u00e0 (quindi non solo via Don Blasco) l&#8217;andamento dei lavori, chiedendo agli interessati anche alcuni particolari progettuali per i quali, pur sforzandomi, mi riesce difficile a comprenderne la rat\u00eco&#8221;.<div id=\"div-gpt-ad-Messinaoggi.it-DSK-300x250-corpoart\" style=\"text-align:center;margin:0 auto;\"><\/div><\/p>\n<div id=\"videoincontent\" style=\"clear:both\";><\/div>","protected":false},"excerpt":{"rendered":"<p>&#8220;Come si pu\u00f2 definire, se non abbaglio progettuale, l&#8217;inserimento dei pali della pubblica illuminazione esattamente al centro del marciapiede nella costruenda strada di collegamento di via Don Blasco?&#8221;. Cos\u00ec il consigliere comunale Libero Gioveni, mettendo in evidenza che la decisione di collocare i suddetti pali al centro del marciapiede possa causare delle difficolt\u00e0 a chi [&hellip;]<\/p>\n","protected":false},"author":8,"featured_media":47081,"comment_status":"closed","ping_status":"closed","sticky":false,"template":"","format":"standard","meta":{"ub_ctt_via":"","_mi_skip_tracking":false},"categories":[4],"tags":[],"featured_image_src":"https:\/\/www.messinaoggi.it\/website\/wp-content\/uploads\/2020\/09\/palo-via-don-blasco.jpg","author_info":{"display_name":"red..me","author_link":"https:\/\/www.messinaoggi.it\/website\/author\/redstage\/"},"digistream_id":0,"digistream":false,"_links":{"self":[{"href":"https:\/\/www.messinaoggi.it\/website\/wp-json\/wp\/v2\/posts\/47080"}],"collection":[{"href":"https:\/\/www.messinaoggi.it\/website\/wp-json\/wp\/v2\/posts"}],"about":[{"href":"https:\/\/www.messinaoggi.it\/website\/wp-json\/wp\/v2\/types\/post"}],"author":[{"embeddable":true,"href":"https:\/\/www.messinaoggi.it\/website\/wp-json\/wp\/v2\/users\/8"}],"replies":[{"embeddable":true,"href":"https:\/\/www.messinaoggi.it\/website\/wp-json\/wp\/v2\/comments?post=47080"}],"version-history":[{"count":0,"href":"https:\/\/www.messinaoggi.it\/website\/wp-json\/wp\/v2\/posts\/47080\/revisions"}],"wp:featuredmedia":[{"embeddable":true,"href":"https:\/\/www.messinaoggi.it\/website\/wp-json\/wp\/v2\/media\/47081"}],"wp:attachment":[{"href":"https:\/\/www.messinaoggi.it\/website\/wp-json\/wp\/v2\/media?parent=47080"}],"wp:term":[{"taxonomy":"category","embeddable":true,"href":"https:\/\/www.messinaoggi.it\/website\/wp-json\/wp\/v2\/categories?post=47080"},{"taxonomy":"post_tag","embeddable":true,"href":"https:\/\/www.messinaoggi.it\/website\/wp-json\/wp\/v2\/tags?post=47080"}],"curies":[{"name":"wp","href":"https:\/\/api.w.org\/{rel}","templated":true}]}}