{"id":4708,"date":"2017-07-13T12:24:37","date_gmt":"2017-07-13T10:24:37","guid":{"rendered":"http:\/\/www.messinaoggi.it\/website\/?p=4708"},"modified":"2017-07-13T12:24:37","modified_gmt":"2017-07-13T10:24:37","slug":"birrificio-messina-per-centro-clinico-nemo-sud-il-14-parte-raccolta-fondi","status":"publish","type":"post","link":"https:\/\/www.messinaoggi.it\/website\/2017\/07\/13\/birrificio-messina-per-centro-clinico-nemo-sud-il-14-parte-raccolta-fondi\/","title":{"rendered":"Birrificio Messina per Centro Clinico NeMO SUD, il 14 parte raccolta fondi"},"content":{"rendered":"<p style=\"text-align: justify\">Come sempre accade quando sensibilit\u00e0 incontra sensibilit\u00e0, \u00e8 nato il desiderio di fare qualcosa insieme. Il <strong>Birrificio Messina ha conosciuto il Centro Clinico NeMO di Messina<\/strong>. Cos\u00ec esplode, come le bollicine dei marchi di fabbrica dello Stabilimento, un&#8217;iniziativa che pu\u00f2 coinvolgere la citt\u00e0 di Messina nel sostenere un Centro che, ogni giorno, \u00e8 al fianco di chi lotta contro la malattia.<div id=\"div-gpt-ad-Messinaoggi.it-DSK-300x250-corpoart\" style=\"text-align:center;margin:0 auto;\"><\/div><\/p>\n<p style=\"text-align: justify\"><strong>Al via, il 14 luglio, una Campagna di raccolta fondi, dal titolo <\/strong><strong>#ALLASALUTE, <\/strong><strong>promossa dal Birrificio Messina per sostenere il Centro Clinico NeMO SUD.<\/strong> Luogo di assistenza e ricerca che, da ormai pi\u00f9 di 4 anni, prende in carico persone affette da malattie neuromuscolari come la SLA, la SMA e le distrofie muscolari<em>. <\/em><strong>Importante appuntamento cui non mancare: domani, ore 10, all&#8217;impianto industriale del Birrificio, nella zona ex Asi di Larderia, per la Presentazione della Campagna.<\/strong><div id=\"videoincontent\" style=\"clear:both\";><\/div><\/p>\n<p style=\"text-align: justify\"><strong>Ad essere responsabile dell\u2019evento solidale per <\/strong>NeMO SUD<strong> Letizia Bucalo. <\/strong><\/p>\n<p style=\"text-align: justify\"><strong>La campagna<\/strong> <strong>\u00e8 rivolta ai tanti che amano bere il prodotto realizzato dal Birrificio e che pu\u00f2 essere acquistato davvero in molti luoghi a Messina<\/strong>: supermercati, bar, ristoranti, lidi. <strong>Per ogni bottiglia di birra venduta, il Birrificio si impegna a donare 10 centesimi al Centro NeMO. <\/strong><\/p>\n<p style=\"text-align: justify\"><strong>Un gesto di grande solidariet\u00e0 <\/strong>che arriva da un&#8217;azienda che \u00e8 risorta negli ultimi anni dopo tanta fatica. Con la forza di un gruppo di persone che hanno creduto di potercela fare e che stanno dimostrando con il loro lavoro di aver certamente vinto la loro scommessa.<\/p>\n<p style=\"text-align: justify\">\u00ab<em>La nostra esperienza ci ha insegnato quanto sia fondamentale ricevere la solidariet\u00e0 e la vicinanza di chi \u00e8 pronto a scommettere su di te. Abbiamo conosciuto il centro NeMO, vera eccellenza sanitaria della nostra terra, e non abbiamo esitato un attimo a dire di s\u00ec. Se le nostre birre possono contribuire ad aiutare i tanti pazienti del NeMO allora avremo vinto un\u2019altra sfida. Bevete Birrificio Messina e aiutiamo tutti insieme il Centro clinico NeMO SUD<\/em>\u00bb dice il presidente della cooperativa <strong>Mimmo Sorrenti<\/strong>.<\/p>\n<p style=\"text-align: justify\"><strong>Per questo i 15 soci del Birrificio<\/strong>\u2013 che gi\u00e0 sostengono altre realt\u00e0 del non profit \u2013<strong> hanno pensato di proseguire questo loro percorso di solidariet\u00e0 sostenendo il team clinico del Centro NeMO. Un team che in poco pi\u00f9 di 4 anni ha conosciuto i volti di pi\u00f9 di 2.200 persone provenienti da tutto il Sud Italia. <\/strong><\/p>\n<p style=\"text-align: justify\">Una campagna che non si limiter\u00e0 al dono al NeMO ma vuole coinvolgere la comunit\u00e0, attraverso l&#8217;utilizzo dei social network. In particolare, Facebook in cui \u00e8 stata aperta una pagina dedicata \u201cALLASALUTE \u2013 Birrificio Messina per il Centro Clinico NeMO SUD\u201d in cui tutti coloro che stapperanno una delle birre potranno \u201cpostare\u201d un selfie e partecipare cos\u00ec ad un Concorso: la foto pi\u00f9 originale (messa online con gli hashtag #stoconNemo e #ALLASALUTE) sar\u00e0 premiata con una simpatica T-SHIRT.<\/p>\n<p style=\"text-align: justify\"><strong>Il Birrificio Messina consegner\u00e0 quanto raccolto nel corso della V Edizione di \u201cMessina In Passerella\u201d <\/strong>&#8211; noto evento promosso dal Centro Clinico \u2013 <strong>che avr\u00e0 luogo il 7 dicembre al Palacultura. <\/strong><\/p>\n<p style=\"text-align: justify\">Per informazioni \u00e8 possibile contattare l\u2019Ufficio Raccolta Fondi del Centro Clinico NeMO SUD al numero 090.2217191 o visitare le pagine Facebook \u201cFondazione Aurora Onlus \u2013 Centro Clinico NeMO SUD e \u201cBirrificio Messina\u201d.<\/p>\n<p> <\/p>\n","protected":false},"excerpt":{"rendered":"<p>Come sempre accade quando sensibilit\u00e0 incontra sensibilit\u00e0, \u00e8 nato il desiderio di fare qualcosa insieme. Il Birrificio Messina ha conosciuto il Centro Clinico NeMO di Messina. Cos\u00ec esplode, come le bollicine dei marchi di fabbrica dello Stabilimento, un&#8217;iniziativa che pu\u00f2 coinvolgere la citt\u00e0 di Messina nel sostenere un Centro che, ogni giorno, \u00e8 al fianco [&hellip;]<\/p>\n","protected":false},"author":7,"featured_media":4709,"comment_status":"closed","ping_status":"open","sticky":false,"template":"","format":"standard","meta":{"ub_ctt_via":"","_mi_skip_tracking":false},"categories":[5],"tags":[],"featured_image_src":"https:\/\/www.messinaoggi.it\/website\/wp-content\/uploads\/2017\/07\/banner-birrificio-messina-2.jpg","author_info":{"display_name":"Redazione1","author_link":"https:\/\/www.messinaoggi.it\/website\/author\/redazione1\/"},"digistream_id":0,"digistream":false,"_links":{"self":[{"href":"https:\/\/www.messinaoggi.it\/website\/wp-json\/wp\/v2\/posts\/4708"}],"collection":[{"href":"https:\/\/www.messinaoggi.it\/website\/wp-json\/wp\/v2\/posts"}],"about":[{"href":"https:\/\/www.messinaoggi.it\/website\/wp-json\/wp\/v2\/types\/post"}],"author":[{"embeddable":true,"href":"https:\/\/www.messinaoggi.it\/website\/wp-json\/wp\/v2\/users\/7"}],"replies":[{"embeddable":true,"href":"https:\/\/www.messinaoggi.it\/website\/wp-json\/wp\/v2\/comments?post=4708"}],"version-history":[{"count":0,"href":"https:\/\/www.messinaoggi.it\/website\/wp-json\/wp\/v2\/posts\/4708\/revisions"}],"wp:featuredmedia":[{"embeddable":true,"href":"https:\/\/www.messinaoggi.it\/website\/wp-json\/wp\/v2\/media\/4709"}],"wp:attachment":[{"href":"https:\/\/www.messinaoggi.it\/website\/wp-json\/wp\/v2\/media?parent=4708"}],"wp:term":[{"taxonomy":"category","embeddable":true,"href":"https:\/\/www.messinaoggi.it\/website\/wp-json\/wp\/v2\/categories?post=4708"},{"taxonomy":"post_tag","embeddable":true,"href":"https:\/\/www.messinaoggi.it\/website\/wp-json\/wp\/v2\/tags?post=4708"}],"curies":[{"name":"wp","href":"https:\/\/api.w.org\/{rel}","templated":true}]}}