{"id":47070,"date":"2020-09-07T12:56:25","date_gmt":"2020-09-07T10:56:25","guid":{"rendered":"https:\/\/www.messinaoggi.it\/website\/?p=47070"},"modified":"2020-09-07T12:56:25","modified_gmt":"2020-09-07T10:56:25","slug":"taormina-due-alberghi-chiusi-per-sanificazione","status":"publish","type":"post","link":"https:\/\/www.messinaoggi.it\/website\/2020\/09\/07\/taormina-due-alberghi-chiusi-per-sanificazione\/","title":{"rendered":"Taormina, due alberghi chiusi per sanificazione"},"content":{"rendered":"<p>Due hotel di Taormina hanno chiuso l\u2019attivit\u00e0, in via temporanea, a causa dell\u2019emergenza Covid.<br \/>\n\u201cSi tratta di due strutture alberghiere \u2013 rende noto il sindaco Mario Bolognari \u2013 di piccole dimensioni, dove a seguito della positivit\u00e0 di alcuni dipendenti, precauzionalmente, la propriet\u00e0 ha deciso in via autonoma di chiudere e sanificare per consentire poi nei prossimi giorni la riapertura in sicurezza\u201d.<br \/>\nI casi di positivit\u00e0 riscontrati riguardano alcuni dipendenti originari dell\u2019hinterland etneo: \u201cSono persone per lo pi\u00f9 residenti nella provincia di Catania che sono adesso sotto controllo da parte delle autorit\u00e0 sanitarie. Sono tutte asintomatiche. I clienti gi\u00e0 presenti nelle strutture sono partiti e quelli in arrivo riprogrammati in un\u2019altra struttura della citt\u00e0\u201d.<br \/>\nLe due strutture sono state sanificate e si preparano alla riapertura nei prossimi giorni.<div id=\"div-gpt-ad-Messinaoggi.it-DSK-300x250-corpoart\" style=\"text-align:center;margin:0 auto;\"><\/div><\/p>\n<div id=\"videoincontent\" style=\"clear:both\";><\/div>","protected":false},"excerpt":{"rendered":"<p>Due hotel di Taormina hanno chiuso l\u2019attivit\u00e0, in via temporanea, a causa dell\u2019emergenza Covid. \u201cSi tratta di due strutture alberghiere \u2013 rende noto il sindaco Mario Bolognari \u2013 di piccole dimensioni, dove a seguito della positivit\u00e0 di alcuni dipendenti, precauzionalmente, la propriet\u00e0 ha deciso in via autonoma di chiudere e sanificare per consentire poi nei [&hellip;]<\/p>\n","protected":false},"author":4,"featured_media":46564,"comment_status":"closed","ping_status":"closed","sticky":false,"template":"","format":"standard","meta":{"ub_ctt_via":"","_mi_skip_tracking":false},"categories":[221],"tags":[],"featured_image_src":"https:\/\/www.messinaoggi.it\/website\/wp-content\/uploads\/2020\/08\/764BC2B0-E1EA-4952-8523-A8FC805C68E7-scaled-1.jpeg","author_info":{"display_name":"redme","author_link":"https:\/\/www.messinaoggi.it\/website\/author\/redme\/"},"digistream_id":0,"digistream":false,"_links":{"self":[{"href":"https:\/\/www.messinaoggi.it\/website\/wp-json\/wp\/v2\/posts\/47070"}],"collection":[{"href":"https:\/\/www.messinaoggi.it\/website\/wp-json\/wp\/v2\/posts"}],"about":[{"href":"https:\/\/www.messinaoggi.it\/website\/wp-json\/wp\/v2\/types\/post"}],"author":[{"embeddable":true,"href":"https:\/\/www.messinaoggi.it\/website\/wp-json\/wp\/v2\/users\/4"}],"replies":[{"embeddable":true,"href":"https:\/\/www.messinaoggi.it\/website\/wp-json\/wp\/v2\/comments?post=47070"}],"version-history":[{"count":0,"href":"https:\/\/www.messinaoggi.it\/website\/wp-json\/wp\/v2\/posts\/47070\/revisions"}],"wp:featuredmedia":[{"embeddable":true,"href":"https:\/\/www.messinaoggi.it\/website\/wp-json\/wp\/v2\/media\/46564"}],"wp:attachment":[{"href":"https:\/\/www.messinaoggi.it\/website\/wp-json\/wp\/v2\/media?parent=47070"}],"wp:term":[{"taxonomy":"category","embeddable":true,"href":"https:\/\/www.messinaoggi.it\/website\/wp-json\/wp\/v2\/categories?post=47070"},{"taxonomy":"post_tag","embeddable":true,"href":"https:\/\/www.messinaoggi.it\/website\/wp-json\/wp\/v2\/tags?post=47070"}],"curies":[{"name":"wp","href":"https:\/\/api.w.org\/{rel}","templated":true}]}}