{"id":47050,"date":"2020-09-06T22:51:33","date_gmt":"2020-09-06T20:51:33","guid":{"rendered":"https:\/\/www.messinaoggi.it\/website\/?p=47050"},"modified":"2020-09-06T22:51:33","modified_gmt":"2020-09-06T20:51:33","slug":"basket-femminile-virginia-galbiati-spiega-il-suo-si-allalma-patti","status":"publish","type":"post","link":"https:\/\/www.messinaoggi.it\/website\/2020\/09\/06\/basket-femminile-virginia-galbiati-spiega-il-suo-si-allalma-patti\/","title":{"rendered":"BASKET FEMMINILE &#8211; Virginia Galbiati spiega il suo si all&#039;Alma Patti"},"content":{"rendered":"<p style=\"text-align: justify\">Virginia Galbiati \u00e8 indubbiamente una delle giocatrici di riferimento del campionato di Serie A2. Con nove stagioni alle spalle, di cui quattro trascorse in Serie A1, una Coppa Italia di Serie A2 vinta e un titolo di mvp conquistato, rappresenta certamente un riferimento in squadra e lo sar\u00e0 anche per l&#8217;Alma Patti, societ\u00e0 con cui Galbiati giocher\u00e0 l&#8217;annata 2020-2021. Sar\u00e0 il primo campionato di convivenza con il Covid-19. Una stagione che gli addetti ai lavori considerano quanto mai difficile, imprevedibile, per certi aspetti &#8220;nuova&#8221; date le tante precauzioni da tenere in considerazione per puntare ad un campionato pi\u00f9 tranquillo possibile da un punto di vista sanitario.<div id=\"div-gpt-ad-Messinaoggi.it-DSK-300x250-corpoart\" style=\"text-align:center;margin:0 auto;\"><\/div><\/p>\n<p style=\"text-align: justify\">Dall&#8217;altra parte, per\u00f2, dovr\u00e0 ritrovare il suo spazio l&#8217;agonismo, la voglia di scendere in campo e lottare per i due punti. Obiettivo che per l&#8217;Alma Patti sar\u00e0 vitale per mantenere la categoria nel primo anno di presenza in Serie A2.<div id=\"videoincontent\" style=\"clear:both\";><\/div><\/p>\n<p style=\"text-align: justify\">La societ\u00e0 del presidente Attilio Scarcella e allenata dall&#8217;esperta\u00a0Mara Buzzanca (al suo primo anno da capo allenatrice in questa serie, ma con dieci campionati giocati tra A2 e A1 di bagaglio) \u00e8 riuscita ad incassare il s\u00ec della guardia lombarda ed \u00e8 la stessa Virginia Galbiati a spiegare come.<\/p>\n<p style=\"text-align: justify\">&#8220;<em>La presenza di un progetto ambizioso alla base e che Patti stesse costruendo un roster importante, sono le motivazioni che mi hanno convinta ad accettare la proposta della societ\u00e0. Inoltre, il fatto di conoscere Mara, sapere che giocatrice \u00e8 stata, mi ha fatto credere potevamo trovarci bene entrambe, io nel ruolo di giocatrici e le ovviamente nel ruolo di allenatrice, con idee di basket abbastanza simili. Anche questo ha inciso positivamente sulla mia scelta&#8221;<\/em>.<\/p>\n<p style=\"text-align: justify\">Dove credi pu\u00f2 posizionarsi Alma nel Girone Sud? Che ruolo pu\u00f2 interpretare questo gruppo nel prossimo campionato 2020-2021?<\/p>\n<p style=\"text-align: justify\">&#8220;<em>Con tutta la scaramanzia possibile, credo possiamo essere una squadra un pochino rivelazione. Alla fine \u00e8 venuto fuori un buon roster e se: riusciamo ad affiatarci bene come gruppo, a seguire tutte le soluzioni che ci vengono date da un punto di vista tecnico, possiamo toglierci delle belle soddisfazioni insieme. Ad oggi ovviamente non so dire dove possiamo posizionarci, detto ci\u00f2 siamo giocatrici esperte, che hanno voglia di vincere e che non giocano tante per giocare, quindi, sono molto fiduciosa che potremo fare un ottimo campionato&#8221;<\/em>.<\/p>\n<p style=\"text-align: justify\">Patti lo scorso anno contava in Serie B sul supporto di 1.500 tifosi. Il Covid-19 rende difficile percepire il loro sostegno, ma i social sembra stiano facendo da &#8220;termometro&#8221;. Che appello vuoi fare ai tifosi di Patti, nonostante la lontananza forzata del momento?<\/p>\n<p style=\"text-align: justify\">&#8220;<em>Ne ho sentito parlare! Ecco il mio appello \u00e8 appello ai nostri tifosi \u00e8 di continuare a seguirci, magari attraverso i social, non fisicamente nel primo periodo ovviamente per tutte le restrizioni sono state fatte causa Covid-19, per\u00f2 di continuare a supportarci! Continuare a seguirci e sperando al pi\u00f9 presto di poterci finalmente ritrovare in campo, tutti insieme al palazzetto, cos\u00ec da avere i nostri tifosi come sesto uomo in campo!&#8221;.<\/em><\/p>\n<p style=\"text-align: justify\">E proprio i tifosi dell&#8217;Alma Patti Basket sono stati protagonisti questa settimana grazie al contest #LaNostraMaglia. Evento social che ha coinvolto centinaia di appassionati chiamati a scegliere la maglia da gioco che Patti indosser\u00e0 il 4 ottobre.<\/p>\n<p style=\"text-align: justify\">Il modello scelto, realizzato dallo sponsor tecnico Spanusport, verr\u00e0 utilizzato per tutte le partite in casa della stagione 2020-2021.<\/p>\n","protected":false},"excerpt":{"rendered":"<p>Virginia Galbiati \u00e8 indubbiamente una delle giocatrici di riferimento del campionato di Serie A2. Con nove stagioni alle spalle, di cui quattro trascorse in Serie A1, una Coppa Italia di Serie A2 vinta e un titolo di mvp conquistato, rappresenta certamente un riferimento in squadra e lo sar\u00e0 anche per l&#8217;Alma Patti, societ\u00e0 con cui [&hellip;]<\/p>\n","protected":false},"author":17,"featured_media":47052,"comment_status":"closed","ping_status":"closed","sticky":false,"template":"","format":"standard","meta":{"ub_ctt_via":"","_mi_skip_tracking":false},"categories":[8,9],"tags":[331,332],"featured_image_src":"https:\/\/www.messinaoggi.it\/website\/wp-content\/uploads\/2020\/09\/Virginia-Galbiati-1-1.jpg","author_info":{"display_name":"Giuseppe Luppino","author_link":"https:\/\/www.messinaoggi.it\/website\/author\/g-luppino\/"},"digistream_id":0,"digistream":false,"_links":{"self":[{"href":"https:\/\/www.messinaoggi.it\/website\/wp-json\/wp\/v2\/posts\/47050"}],"collection":[{"href":"https:\/\/www.messinaoggi.it\/website\/wp-json\/wp\/v2\/posts"}],"about":[{"href":"https:\/\/www.messinaoggi.it\/website\/wp-json\/wp\/v2\/types\/post"}],"author":[{"embeddable":true,"href":"https:\/\/www.messinaoggi.it\/website\/wp-json\/wp\/v2\/users\/17"}],"replies":[{"embeddable":true,"href":"https:\/\/www.messinaoggi.it\/website\/wp-json\/wp\/v2\/comments?post=47050"}],"version-history":[{"count":0,"href":"https:\/\/www.messinaoggi.it\/website\/wp-json\/wp\/v2\/posts\/47050\/revisions"}],"wp:featuredmedia":[{"embeddable":true,"href":"https:\/\/www.messinaoggi.it\/website\/wp-json\/wp\/v2\/media\/47052"}],"wp:attachment":[{"href":"https:\/\/www.messinaoggi.it\/website\/wp-json\/wp\/v2\/media?parent=47050"}],"wp:term":[{"taxonomy":"category","embeddable":true,"href":"https:\/\/www.messinaoggi.it\/website\/wp-json\/wp\/v2\/categories?post=47050"},{"taxonomy":"post_tag","embeddable":true,"href":"https:\/\/www.messinaoggi.it\/website\/wp-json\/wp\/v2\/tags?post=47050"}],"curies":[{"name":"wp","href":"https:\/\/api.w.org\/{rel}","templated":true}]}}