{"id":47038,"date":"2020-09-06T22:42:39","date_gmt":"2020-09-06T20:42:39","guid":{"rendered":"https:\/\/www.messinaoggi.it\/website\/?p=47038"},"modified":"2020-09-06T22:42:39","modified_gmt":"2020-09-06T20:42:39","slug":"calcio-prima-categoria-asd-valle-del-mela-presenta-la-stagione-20-21","status":"publish","type":"post","link":"https:\/\/www.messinaoggi.it\/website\/2020\/09\/06\/calcio-prima-categoria-asd-valle-del-mela-presenta-la-stagione-20-21\/","title":{"rendered":"CALCIO PRIMA CATEGORIA &#8211; Asd Valle del Mela presenta la stagione 20\/21"},"content":{"rendered":"<p>Valorizzare i giovani \u00e8 sempre pi\u00f9 l\u2019obiettivo principale dell\u2019A.S.D. Valle del Mela. L\u2019ambiziosa societ\u00e0 giallorossa ha presentato ieri (sabato 5 settembre, <em>ndr<\/em>), allo stadio di Giammoro, la stagione 2020-21, che la vedr\u00e0 impegnata nei campionati Under 14 e 16 regionali e U15 e U17 provinciali, in Prima Categoria, torneo che verr\u00e0 disputato in virt\u00f9 della fusione con il Saponara, e con i numerosi ed entusiasti bambini della scuola calcio.<br \/>\nNel corso dell\u2019incontro con i giornalisti, il presidente Rosario Agnello, il vice presidente Franco Bitto, il direttore generale Pippo Fiocco, l\u2019amministratore delegato Giuseppe Molino ed il segretario Giuseppe Nania hanno illustrato, alla presenza dell\u2019Amministrazione comunale di Pace del Mela e del sindaco di Monforte San Giorgio Giuseppe Cannistr\u00e0, i programmi futuri ed ufficializzato i componenti del direttivo e di parte dello staff tecnico. In settimana, toccher\u00e0 agli allenatori, ai collaboratori ed ai dirigenti accompagnatori. In bella mostra in sala il nuovo logo del club, graficamente dinamico e moderno con l\u2019aquila stilizzata in un semicerchio, che richiama i colori sociali.<br \/>\n<div id=\"attachment_47040\" style=\"width: 456px\" class=\"wp-caption alignright\"><img aria-describedby=\"caption-attachment-47040\" loading=\"lazy\" class=\" wp-image-47040\" src=\"https:\/\/www.messinaoggi.it\/website\/wp-content\/uploads\/2020\/09\/Fiocco-Agnello-e-Molino-ASD-VALLE-DEL-MELA-1-300x200.jpg\" alt=\"\" width=\"446\" height=\"297\" \/><p id=\"caption-attachment-47040\" class=\"wp-caption-text\">Fiocco, Agnello e Molino<\/p><\/div><br \/>\nCome \u00e8 stato precisato all\u2019unisono, il Valle del Mela \u00e8, soprattutto, una grande famiglia, nella quale ognuno svolger\u00e0 un ruolo fondamentale.<br \/>\n<em>\u201cIl vivaio \u00e8 il nostro punto di forza \u2013<\/em> ha dichiarato Agnello \u2013 <em>parteciperemo a quasi tutti i campionati FIGC e la Prima Categoria rappresenter\u00e0 un\u2019ulteriore vetrina a disposizione dei ragazzi. Per proporre un\u2019organizzazione efficiente, ben distribuita sul territorio ed adeguata ai protocolli anti covid-19, l\u2019attivit\u00e0 avr\u00e0 luogo in diversi impianti. Oltre al campo di Giammoro, gli allenamenti si terranno a Venetico, Fondachello Valdina, Olivarella, San Pier Niceto, in collaborazione con l\u2019Asd San Pier Niceto Soccer, e Monforte Marina. Sono felice, inoltre, che facciano parte del Valle del Mela i protagonisti della storia calcistica della zona, a cominciare da Paolo Mandanici, e ringrazio naturalmente gli sponsor e coloro che ci sono sempre vicini\u201d. <\/em><br \/>\nSulla stessa lunghezza d\u2019onda le parole di Fiocco: <em>\u201cQuesto progetto \u00e8 nato in modo spontaneo, da esigenze comuni. Mi trovo adesso in un sodalizio egregiamente strutturato, che pu\u00f2 contare su impianti tra i migliori dell\u2019intera provincia, in grado di garantire la necessaria sicurezza sanitaria. Ci sono le premesse, quindi, per fare bene e per quanto riguarda la formazione di Prima Categoria, che sar\u00e0 guidata in panchina da Piero Miceli, si potr\u00e0 creare \u2013 a mio avviso &#8211; il mix giusto, tra i tanti giovani in organico ed i giocatori esperti, per toglierci delle belle soddisfazioni. Personalmente potr\u00f2 assistere finalmente alle partite con maggiore serenit\u00e0 rispetto al passato, quando avevo troppe cose da fare anche dopo il fischio d\u2019inizio\u201d. \u00a0<\/em><br \/>\n<strong><u>ORGANIGRAMMA A.S.D. VALLE DEL MELA 2020-21 <\/u><\/strong><br \/>\nAgnello Rosario \u2013 <em>Presidente<\/em><br \/>\nBitto Francesco \u2013 <em>Vice Presidente<\/em><br \/>\nFiocco Giuseppe \u2013 <em>Vice Presidente\/Direttore Generale<\/em><br \/>\nNania Giuseppe \u2013 <em>Segretario Generale<\/em><br \/>\nRaineri Epifanio \u2013 <em>Consigliere<\/em><br \/>\nNastasi Paolino \u2013 <em>Consigliere<\/em><br \/>\nFilorimo Franco \u2013 <em>Consigliere<\/em><br \/>\nMolino Giuseppe \u2013 <em>Amministratore Delegato \/ Responsabile Comunicazione e Marketing<\/em><br \/>\nBert\u00e8 Nuccio \u2013 <em>Direttore Tecnico Settore Giovanile e Scuola Calcio<\/em><br \/>\nMandanici Paolo \u2013<em> Team Manager della Prima Squadra<\/em><div id=\"div-gpt-ad-Messinaoggi.it-DSK-300x250-corpoart\" style=\"text-align:center;margin:0 auto;\"><\/div><\/p>\n<div id=\"videoincontent\" style=\"clear:both\";><\/div>","protected":false},"excerpt":{"rendered":"<p>Valorizzare i giovani \u00e8 sempre pi\u00f9 l\u2019obiettivo principale dell\u2019A.S.D. Valle del Mela. L\u2019ambiziosa societ\u00e0 giallorossa ha presentato ieri (sabato 5 settembre, ndr), allo stadio di Giammoro, la stagione 2020-21, che la vedr\u00e0 impegnata nei campionati Under 14 e 16 regionali e U15 e U17 provinciali, in Prima Categoria, torneo che verr\u00e0 disputato in virt\u00f9 della [&hellip;]<\/p>\n","protected":false},"author":17,"featured_media":47039,"comment_status":"closed","ping_status":"closed","sticky":false,"template":"","format":"standard","meta":{"ub_ctt_via":"","_mi_skip_tracking":false},"categories":[10,9],"tags":[330],"featured_image_src":"https:\/\/www.messinaoggi.it\/website\/wp-content\/uploads\/2020\/09\/Tavolo-conferenza-stampa-Nania-Fiocco-Agnello-Molino-e-Bitto.jpg","author_info":{"display_name":"Giuseppe Luppino","author_link":"https:\/\/www.messinaoggi.it\/website\/author\/g-luppino\/"},"digistream_id":0,"digistream":false,"_links":{"self":[{"href":"https:\/\/www.messinaoggi.it\/website\/wp-json\/wp\/v2\/posts\/47038"}],"collection":[{"href":"https:\/\/www.messinaoggi.it\/website\/wp-json\/wp\/v2\/posts"}],"about":[{"href":"https:\/\/www.messinaoggi.it\/website\/wp-json\/wp\/v2\/types\/post"}],"author":[{"embeddable":true,"href":"https:\/\/www.messinaoggi.it\/website\/wp-json\/wp\/v2\/users\/17"}],"replies":[{"embeddable":true,"href":"https:\/\/www.messinaoggi.it\/website\/wp-json\/wp\/v2\/comments?post=47038"}],"version-history":[{"count":0,"href":"https:\/\/www.messinaoggi.it\/website\/wp-json\/wp\/v2\/posts\/47038\/revisions"}],"wp:featuredmedia":[{"embeddable":true,"href":"https:\/\/www.messinaoggi.it\/website\/wp-json\/wp\/v2\/media\/47039"}],"wp:attachment":[{"href":"https:\/\/www.messinaoggi.it\/website\/wp-json\/wp\/v2\/media?parent=47038"}],"wp:term":[{"taxonomy":"category","embeddable":true,"href":"https:\/\/www.messinaoggi.it\/website\/wp-json\/wp\/v2\/categories?post=47038"},{"taxonomy":"post_tag","embeddable":true,"href":"https:\/\/www.messinaoggi.it\/website\/wp-json\/wp\/v2\/tags?post=47038"}],"curies":[{"name":"wp","href":"https:\/\/api.w.org\/{rel}","templated":true}]}}