{"id":47005,"date":"2020-09-05T11:47:52","date_gmt":"2020-09-05T09:47:52","guid":{"rendered":"https:\/\/www.messinaoggi.it\/website\/?p=47005"},"modified":"2020-09-05T11:47:52","modified_gmt":"2020-09-05T09:47:52","slug":"multisala-apollo-riprende-il-cineforum","status":"publish","type":"post","link":"https:\/\/www.messinaoggi.it\/website\/2020\/09\/05\/multisala-apollo-riprende-il-cineforum\/","title":{"rendered":"Multisala Apollo, riprende il Cineforum"},"content":{"rendered":"<p>\u201cCi fa particolarmente piacere riprendere il nostro Cineforum e il nostro rapporto con gli spettatori, nel segno della centralit\u00e0 della sala e della passione per la visione sul grande schermo\u201d. Cos\u00ec Fabrizio La Scala e Loredana Polizzi della Multisala Apollo, annunciando la ripresa, dopo la sosta forzata, del Cineforum della Multisala Apollo di Messina, per completare la stagione 2019-20. Si inizier\u00e0 mercoled\u00ec 9 settembre e si proseguir\u00e0 ogni mercoled\u00ec fino al 18 novembre, prima di passare al nuovo cartellone; ingresso con abbonamento o con biglietto singolo a 5 euro.<br \/>\nSi comincia mercoled\u00ec 9 settembre con il film \u201cRed Joan\u201d di Trevor Nunn, thriller britannico con il premio Oscar Judi Dench, spettacoli ore: 16.30 \/ 18.30 \/ 20.30.<br \/>\n<a href=\"https:\/\/www.messinaoggi.it\/website\/wp-content\/uploads\/2020\/09\/Red-Joan.jpg\"><img loading=\"lazy\" class=\"alignnone size-full wp-image-47006\" src=\"https:\/\/www.messinaoggi.it\/website\/wp-content\/uploads\/2020\/09\/Red-Joan.jpg\" alt=\"\" width=\"474\" height=\"702\" \/><\/a><br \/>\nIl programma prosegue, ogni mercoled\u00ec, il 16 settembre con \u201cStanlio e Ollio\u201d, in onore del celeberrimo duo comico, spett. ore: 16.30 \/ 18.30 \/ 20.30; 23 settembre \u201cCity of Lies\u201d con Johnny Depp e Forest Whitaker, spett. ore: 16.30 \/ 18.30 \/ 20.30; 30 settembre \u201cThe Mule \u2013 Il corriere\u201d, diretto e interpretato da Clint Eastwood, spett. ore: 16.30 \/ 18.30 \/ 20.30; 7 ottobre \u201cEuforia\u201d di Valeria Golino con Valerio Mastandrea e Riccardo Scamarcio, spett. ore: 16.30 \/ 18.30 \/ 20.30; 14 ottobre \u201cLa mia vita con John F. Donovan\u201d, settimo film di Xavier Dolan, affermatosi come regista e sceneggiatore di film come \u201cMommy\u201d (premio della Giuria della 67esima edizione del Festival di Cannes) ed \u201c\u00c8 solo la fine del mondo\u201d (Grand Prix della Giuria a Cannes 2016), spett. ore: 16.15 \/ 18.30 \/ 20.30; 21 ottobre \u201cLazzaro felice\u201d di Alice Rohrwacher, premio per la migliore sceneggiatura a Cannes, spett. ore: 16.15 \/ 18.30 \/ 20.30; 28 ottobre \u201cBen is Back\u201d, dramma con Julia Roberts, spett. ore: 16.30 \/ 18.30 \/ 20.30; 3 novembre \u201cIl vizio della speranza\u201d di Edoardo De Angelis, vincitore di tre Nastri d\u2019argento e 1 David di Donatello, spett. ore: 16.30 \/ 18.30 \/ 20.30; 11 novembre \u201cThe Wife\u201d con Glenn Close e Jonathan Pryce, spett. ore: 16.30 \/ 18.30 \/ 20.30; 18 novembre \u201cCharlie Says\u201d, in concorso\u00a0 nella sezione Orizzonti della Mostra del Cinema di Venezia, spett. ore: 16.30 \/ 18.30 \/ 20.30.<br \/>\nIl sito di riferimento \u00e8 http:\/\/multisalaapollo.com\/, mail loredanapolizzi@multisalaapollo.com, e pagina Fb https:\/\/www.facebook.com\/multisala.apollo\/.<div id=\"div-gpt-ad-Messinaoggi.it-DSK-300x250-corpoart\" style=\"text-align:center;margin:0 auto;\"><\/div><\/p>\n<div id=\"videoincontent\" style=\"clear:both\";><\/div>","protected":false},"excerpt":{"rendered":"<p>\u201cCi fa particolarmente piacere riprendere il nostro Cineforum e il nostro rapporto con gli spettatori, nel segno della centralit\u00e0 della sala e della passione per la visione sul grande schermo\u201d. Cos\u00ec Fabrizio La Scala e Loredana Polizzi della Multisala Apollo, annunciando la ripresa, dopo la sosta forzata, del Cineforum della Multisala Apollo di Messina, per [&hellip;]<\/p>\n","protected":false},"author":8,"featured_media":33527,"comment_status":"closed","ping_status":"closed","sticky":false,"template":"","format":"standard","meta":{"ub_ctt_via":"","_mi_skip_tracking":false},"categories":[17],"tags":[],"featured_image_src":"https:\/\/www.messinaoggi.it\/website\/wp-content\/uploads\/2019\/06\/le-proiezioni-alla-multisala-apollo.jpg","author_info":{"display_name":"red..me","author_link":"https:\/\/www.messinaoggi.it\/website\/author\/redstage\/"},"digistream_id":0,"digistream":false,"_links":{"self":[{"href":"https:\/\/www.messinaoggi.it\/website\/wp-json\/wp\/v2\/posts\/47005"}],"collection":[{"href":"https:\/\/www.messinaoggi.it\/website\/wp-json\/wp\/v2\/posts"}],"about":[{"href":"https:\/\/www.messinaoggi.it\/website\/wp-json\/wp\/v2\/types\/post"}],"author":[{"embeddable":true,"href":"https:\/\/www.messinaoggi.it\/website\/wp-json\/wp\/v2\/users\/8"}],"replies":[{"embeddable":true,"href":"https:\/\/www.messinaoggi.it\/website\/wp-json\/wp\/v2\/comments?post=47005"}],"version-history":[{"count":0,"href":"https:\/\/www.messinaoggi.it\/website\/wp-json\/wp\/v2\/posts\/47005\/revisions"}],"wp:featuredmedia":[{"embeddable":true,"href":"https:\/\/www.messinaoggi.it\/website\/wp-json\/wp\/v2\/media\/33527"}],"wp:attachment":[{"href":"https:\/\/www.messinaoggi.it\/website\/wp-json\/wp\/v2\/media?parent=47005"}],"wp:term":[{"taxonomy":"category","embeddable":true,"href":"https:\/\/www.messinaoggi.it\/website\/wp-json\/wp\/v2\/categories?post=47005"},{"taxonomy":"post_tag","embeddable":true,"href":"https:\/\/www.messinaoggi.it\/website\/wp-json\/wp\/v2\/tags?post=47005"}],"curies":[{"name":"wp","href":"https:\/\/api.w.org\/{rel}","templated":true}]}}