{"id":46999,"date":"2020-09-05T09:53:37","date_gmt":"2020-09-05T07:53:37","guid":{"rendered":"https:\/\/www.messinaoggi.it\/website\/?p=46999"},"modified":"2020-09-05T09:53:37","modified_gmt":"2020-09-05T07:53:37","slug":"referendum-il-fronte-del-no-scende-in-piazza","status":"publish","type":"post","link":"https:\/\/www.messinaoggi.it\/website\/2020\/09\/05\/referendum-il-fronte-del-no-scende-in-piazza\/","title":{"rendered":"Referendum, il fronte del &quot;No&quot; scende in piazza"},"content":{"rendered":"<p>Questo fine settimana, sabato 5 e domenica 6 settembre, in occasione delle consultazioni referendarie del 20 e 21 settembre sul taglio dei parlamentari, il fronte del \u201cNo\u201d, formato da Messina in Azione, Pi\u00f9 Europa Messina e Volt Messina, con la collaborazione del Comitato Giovanile NOstra di Messina, sar\u00e0 in piazza per far valere le proprie ragioni.<br \/>\n\u201cSabato 5 settembre dalle 17:00 alle 21:00 e domenica 6 dalle 10:00 alle 13:00 e dalle 17:00 alle 21:00, si invita pertanto la cittadinanza a volerne discutere con i rappresentanti dei succitati partiti e associazioni presso le postazioni site a Piazza Cairoli\u201d, si legge in una nota stampa.<br \/>\n\u201cL\u2019iniziativa, dal titolo \u2018Noi diciamo NO\u2019, &#8211; si continua a leggere nella nota &#8211; \u00e8 volta a esporre le ragioni del No a un taglio indiscriminato dei parlamentari che, tradendo ogni promessa in termini di efficienza, incider\u00e0 ancor di pi\u00f9 sul processo legislativo, rallentandolo.<br \/>\n<a href=\"https:\/\/www.messinaoggi.it\/website\/wp-content\/uploads\/2020\/09\/noi-diciamo-no-volt.jpg\"><img loading=\"lazy\" class=\"alignnone size-full wp-image-47000\" src=\"https:\/\/www.messinaoggi.it\/website\/wp-content\/uploads\/2020\/09\/noi-diciamo-no-volt.jpg\" alt=\"\" width=\"1654\" height=\"2339\" \/><\/a><br \/>\n\u201cAzione, Pi\u00f9 Europa, Volt e NOstra bocciano una riforma che sottrae al Parlamento forza, autorevolezza nonch\u00e9 rappresentativit\u00e0, annullando il rapporto (gi\u00e0 affievolito) tra eletto ed elettore e facilitando la corruttibilit\u00e0. A pagare il costo pi\u00f9 caro sar\u00e0 proprio la Sicilia che, rispetto a ogni altra regione d\u2019Italia, subir\u00e0 il taglio maggiore. Il tutto a fronte di un risparmio sulla spesa pubblica assolutamente risibile, agevolmente colmabile con tagli mirati ai costi della politica\u201d.<div id=\"div-gpt-ad-Messinaoggi.it-DSK-300x250-corpoart\" style=\"text-align:center;margin:0 auto;\"><\/div><\/p>\n<div id=\"videoincontent\" style=\"clear:both\";><\/div>","protected":false},"excerpt":{"rendered":"<p>Questo fine settimana, sabato 5 e domenica 6 settembre, in occasione delle consultazioni referendarie del 20 e 21 settembre sul taglio dei parlamentari, il fronte del \u201cNo\u201d, formato da Messina in Azione, Pi\u00f9 Europa Messina e Volt Messina, con la collaborazione del Comitato Giovanile NOstra di Messina, sar\u00e0 in piazza per far valere le proprie [&hellip;]<\/p>\n","protected":false},"author":8,"featured_media":47001,"comment_status":"closed","ping_status":"closed","sticky":false,"template":"","format":"standard","meta":{"ub_ctt_via":"","_mi_skip_tracking":false},"categories":[4],"tags":[],"featured_image_src":"https:\/\/www.messinaoggi.it\/website\/wp-content\/uploads\/2020\/09\/noi-diciamo-no-volt-Copia.jpg","author_info":{"display_name":"red..me","author_link":"https:\/\/www.messinaoggi.it\/website\/author\/redstage\/"},"digistream_id":0,"digistream":false,"_links":{"self":[{"href":"https:\/\/www.messinaoggi.it\/website\/wp-json\/wp\/v2\/posts\/46999"}],"collection":[{"href":"https:\/\/www.messinaoggi.it\/website\/wp-json\/wp\/v2\/posts"}],"about":[{"href":"https:\/\/www.messinaoggi.it\/website\/wp-json\/wp\/v2\/types\/post"}],"author":[{"embeddable":true,"href":"https:\/\/www.messinaoggi.it\/website\/wp-json\/wp\/v2\/users\/8"}],"replies":[{"embeddable":true,"href":"https:\/\/www.messinaoggi.it\/website\/wp-json\/wp\/v2\/comments?post=46999"}],"version-history":[{"count":0,"href":"https:\/\/www.messinaoggi.it\/website\/wp-json\/wp\/v2\/posts\/46999\/revisions"}],"wp:featuredmedia":[{"embeddable":true,"href":"https:\/\/www.messinaoggi.it\/website\/wp-json\/wp\/v2\/media\/47001"}],"wp:attachment":[{"href":"https:\/\/www.messinaoggi.it\/website\/wp-json\/wp\/v2\/media?parent=46999"}],"wp:term":[{"taxonomy":"category","embeddable":true,"href":"https:\/\/www.messinaoggi.it\/website\/wp-json\/wp\/v2\/categories?post=46999"},{"taxonomy":"post_tag","embeddable":true,"href":"https:\/\/www.messinaoggi.it\/website\/wp-json\/wp\/v2\/tags?post=46999"}],"curies":[{"name":"wp","href":"https:\/\/api.w.org\/{rel}","templated":true}]}}