{"id":46960,"date":"2020-09-03T12:00:02","date_gmt":"2020-09-03T10:00:02","guid":{"rendered":"https:\/\/www.messinaoggi.it\/website\/?p=46960"},"modified":"2020-09-03T12:00:02","modified_gmt":"2020-09-03T10:00:02","slug":"basket-femminile-serie-a2-laura-perseu-torna-allalma-patti-nello-staff-allenatori","status":"publish","type":"post","link":"https:\/\/www.messinaoggi.it\/website\/2020\/09\/03\/basket-femminile-serie-a2-laura-perseu-torna-allalma-patti-nello-staff-allenatori\/","title":{"rendered":"BASKET FEMMINILE SERIE A2 &#8211; Laura Perseu torna all&#039;Alma Patti nello staff allenatori"},"content":{"rendered":"<h6><em><strong>Confermato per il terzo anno anche\u00a0 il preparatore atletico Nico Gaglio<\/strong><\/em><\/h6>\n<p><strong>\u00a0<\/strong><br \/>\nTorna a casa per la sua secondo esperienza da allenatrice in Serie A2 la pattese Laura Perseu, coach lo scorso anno nello staff tecnico della Sicily By Car in Serie A1 e capo allenatore della formazione giovanile che, proprio con il Verga Palermo, ha ben figurato in Serie B.<br \/>\nPerseu \u00e8 cresciuta a Patti, dove ha trascorso tutta la trafile delle giovanili fino il primo ingaggio fuori Sicilia a 18 anni. In Serie A2 ha giocato 15 stagioni indossando la maglia di Battipaglia, Siena, Alcamo, Pomezia, Brindisi e Palermo. Proprio a Palermo inizia la carriera da istruttrice e allenatrice partendo dal Minibasket e arrivando in pianta stabile nello staff allenatori dell\u2019A2 di Maurizio Giodano e l\u2019A1 di Santino Coppa.<br \/>\n\u201c<em>Torno a Patti dopo 18 anni di assenza e l\u2019ho fatto perch\u00e9 so di poter imparare tantissimo da Mara, che a parere mio \u00e8 una delle migliori allenatrici che abbiamo in Italia<\/em> \u2013 ammette l\u2019assistant coach Perseu \u2013 <em>La scelta di far parte dello staff tecnico \u00e8 stata molto voluta sia da me che dalla societ\u00e0, con cui collaboravamo gi\u00e0 da anni per i campionati giovanili in asse con Palermo. So di poter imparare tanto e di poter dare il mio contributo. L\u2019Alma Patti ha un progetto serio basato non solo l\u2019A2, ma anche sulla crescita del settore giovanile, dove la nostra 16 e la presenza di under competitive in prima squadra ne sono la prova.<\/em><br \/>\n<em>Abbiamo costruito una squadra competitiva, fatta da giocatrici talentuose, esperte e giovani che hanno voglia di dare tanto. Il primo allenamento di luned\u00ec \u00e8 stato emozionante per tutti<\/em> \u2013 ammette l\u2019allenatrice pattese \u2013 <em>dopo sei mesi di stop dovuto alla pandemia \u00e8 l\u2019unico aggettivo con cui posso definirlo. Sono scaramantica e non voglio fare pronostici: lavorando bene e con entusiasmo credo faremo bene in questo campionato<\/em>\u201d.<br \/>\nE\u2019 stato confermato nello staff tecnico per la terza stagione di fila il preparatore fisico Nicola Gaglio, ex giocatore di pallacanestro e profondo conoscitore delle ultime formazioni che hanno calcato il parquet del PalaSerran\u00f2.<br \/>\n\u201c<em>Il gruppo quest\u2019anno \u00e8 di livello alto e spero potremo fare la nostra figura come nelle altri anni<\/em> \u2013 analizza il preparatore Gaglio \u2013 <em>spero le nostre giovani potranno dare il loro contributo per aiutarci nel processo collettivo di crescita<\/em>\u201d.<div id=\"div-gpt-ad-Messinaoggi.it-DSK-300x250-corpoart\" style=\"text-align:center;margin:0 auto;\"><\/div><\/p>\n<div id=\"videoincontent\" style=\"clear:both\";><\/div>","protected":false},"excerpt":{"rendered":"<p>Confermato per il terzo anno anche\u00a0 il preparatore atletico Nico Gaglio \u00a0 Torna a casa per la sua secondo esperienza da allenatrice in Serie A2 la pattese Laura Perseu, coach lo scorso anno nello staff tecnico della Sicily By Car in Serie A1 e capo allenatore della formazione giovanile che, proprio con il Verga Palermo, [&hellip;]<\/p>\n","protected":false},"author":17,"featured_media":46961,"comment_status":"closed","ping_status":"closed","sticky":false,"template":"","format":"standard","meta":{"ub_ctt_via":"","_mi_skip_tracking":false},"categories":[8,9],"tags":[320,321],"featured_image_src":"https:\/\/www.messinaoggi.it\/website\/wp-content\/uploads\/2020\/09\/Laurea-Perseu.jpg","author_info":{"display_name":"Giuseppe Luppino","author_link":"https:\/\/www.messinaoggi.it\/website\/author\/g-luppino\/"},"digistream_id":0,"digistream":false,"_links":{"self":[{"href":"https:\/\/www.messinaoggi.it\/website\/wp-json\/wp\/v2\/posts\/46960"}],"collection":[{"href":"https:\/\/www.messinaoggi.it\/website\/wp-json\/wp\/v2\/posts"}],"about":[{"href":"https:\/\/www.messinaoggi.it\/website\/wp-json\/wp\/v2\/types\/post"}],"author":[{"embeddable":true,"href":"https:\/\/www.messinaoggi.it\/website\/wp-json\/wp\/v2\/users\/17"}],"replies":[{"embeddable":true,"href":"https:\/\/www.messinaoggi.it\/website\/wp-json\/wp\/v2\/comments?post=46960"}],"version-history":[{"count":0,"href":"https:\/\/www.messinaoggi.it\/website\/wp-json\/wp\/v2\/posts\/46960\/revisions"}],"wp:featuredmedia":[{"embeddable":true,"href":"https:\/\/www.messinaoggi.it\/website\/wp-json\/wp\/v2\/media\/46961"}],"wp:attachment":[{"href":"https:\/\/www.messinaoggi.it\/website\/wp-json\/wp\/v2\/media?parent=46960"}],"wp:term":[{"taxonomy":"category","embeddable":true,"href":"https:\/\/www.messinaoggi.it\/website\/wp-json\/wp\/v2\/categories?post=46960"},{"taxonomy":"post_tag","embeddable":true,"href":"https:\/\/www.messinaoggi.it\/website\/wp-json\/wp\/v2\/tags?post=46960"}],"curies":[{"name":"wp","href":"https:\/\/api.w.org\/{rel}","templated":true}]}}