{"id":46954,"date":"2020-09-02T19:15:35","date_gmt":"2020-09-02T17:15:35","guid":{"rendered":"https:\/\/www.messinaoggi.it\/website\/?p=46954"},"modified":"2020-09-02T19:15:35","modified_gmt":"2020-09-02T17:15:35","slug":"silvio-berlusconi-positivo-al-covid-19","status":"publish","type":"post","link":"https:\/\/www.messinaoggi.it\/website\/2020\/09\/02\/silvio-berlusconi-positivo-al-covid-19\/","title":{"rendered":"Silvio Berlusconi positivo al Covid 19"},"content":{"rendered":"<p>Silvio Berlusconi \u00e8 positivo al coronavirus. Il leader di Forza Italia si \u00e8 sottoposto ad un tampone programmato dopo un recente soggiorno in Sardegna e l&#8217;esito dell&#8217;esame \u00e8 risultato positivo.<br \/>\nIl suo medico curante Alberto Zangrillo, direttore delle Unit\u00e0 di anestesia e rianimazione generale.<div id=\"div-gpt-ad-Messinaoggi.it-DSK-300x250-corpoart\" style=\"text-align:center;margin:0 auto;\"><\/div><\/p>\n<div id=\"videoincontent\" style=\"clear:both\";><\/div>","protected":false},"excerpt":{"rendered":"<p>Silvio Berlusconi \u00e8 positivo al coronavirus. Il leader di Forza Italia si \u00e8 sottoposto ad un tampone programmato dopo un recente soggiorno in Sardegna e l&#8217;esito dell&#8217;esame \u00e8 risultato positivo. Il suo medico curante Alberto Zangrillo, direttore delle Unit\u00e0 di anestesia e rianimazione generale.<\/p>\n","protected":false},"author":4,"featured_media":14367,"comment_status":"closed","ping_status":"closed","sticky":false,"template":"","format":"standard","meta":{"ub_ctt_via":"","_mi_skip_tracking":false},"categories":[221],"tags":[],"featured_image_src":"https:\/\/www.messinaoggi.it\/website\/wp-content\/uploads\/2018\/01\/26196127_1806144986086265_9214898476233461993_n-1.jpg","author_info":{"display_name":"redme","author_link":"https:\/\/www.messinaoggi.it\/website\/author\/redme\/"},"digistream_id":0,"digistream":false,"_links":{"self":[{"href":"https:\/\/www.messinaoggi.it\/website\/wp-json\/wp\/v2\/posts\/46954"}],"collection":[{"href":"https:\/\/www.messinaoggi.it\/website\/wp-json\/wp\/v2\/posts"}],"about":[{"href":"https:\/\/www.messinaoggi.it\/website\/wp-json\/wp\/v2\/types\/post"}],"author":[{"embeddable":true,"href":"https:\/\/www.messinaoggi.it\/website\/wp-json\/wp\/v2\/users\/4"}],"replies":[{"embeddable":true,"href":"https:\/\/www.messinaoggi.it\/website\/wp-json\/wp\/v2\/comments?post=46954"}],"version-history":[{"count":0,"href":"https:\/\/www.messinaoggi.it\/website\/wp-json\/wp\/v2\/posts\/46954\/revisions"}],"wp:featuredmedia":[{"embeddable":true,"href":"https:\/\/www.messinaoggi.it\/website\/wp-json\/wp\/v2\/media\/14367"}],"wp:attachment":[{"href":"https:\/\/www.messinaoggi.it\/website\/wp-json\/wp\/v2\/media?parent=46954"}],"wp:term":[{"taxonomy":"category","embeddable":true,"href":"https:\/\/www.messinaoggi.it\/website\/wp-json\/wp\/v2\/categories?post=46954"},{"taxonomy":"post_tag","embeddable":true,"href":"https:\/\/www.messinaoggi.it\/website\/wp-json\/wp\/v2\/tags?post=46954"}],"curies":[{"name":"wp","href":"https:\/\/api.w.org\/{rel}","templated":true}]}}