{"id":46941,"date":"2020-09-01T22:22:21","date_gmt":"2020-09-01T20:22:21","guid":{"rendered":"https:\/\/www.messinaoggi.it\/website\/?p=46941"},"modified":"2020-09-01T22:22:21","modified_gmt":"2020-09-01T20:22:21","slug":"giallo-di-caronia-terriccio-nella-testolina-di-gioele","status":"publish","type":"post","link":"https:\/\/www.messinaoggi.it\/website\/2020\/09\/01\/giallo-di-caronia-terriccio-nella-testolina-di-gioele\/","title":{"rendered":"Giallo di Caronia: terriccio nella testolina di Gioele"},"content":{"rendered":"<p>E\u2019 stato repertato del terriccio ed altro materiale che \u00e8 stato rinvenuto. Quello che \u00e8 stato prelevato servir\u00e0 proprio a questo a stabilire se il bambino \u00e8 stato spostato o \u00e8 rimasto l\u00ec dove \u00e8 stato ritrovato\u201d. A dirlo \u00e8 l\u2019avv. Antonio Cozza, legale della famiglia della dj Viviana Parisi, a conclusione dell\u2019accertamento sul cranio di Gioele, 4 anni, il bimbo trovato morto a Caronia. L\u2019esame \u00e8 stato eseguito al dipartimento di Geologia forense dell\u2019Universit\u00e0 di Messina.<br \/>\n\u201cAncora \u00e8 presto c\u2019\u00e8 molta attivit\u00e0 da svolgere \u2013 ha aggiunto il penalista \u2013 il tempo ha complicato gli accertamenti. Sono trascorsi 15 giorni dal rinvenimento, quindi bisogna andare cauti, come abbiamo detto fin dall\u2019inizio. Ad oggi non c\u2019\u00e8 una pista selettiva \u2013 ha sottolineato l\u2019avv. Cozza \u2013 bisogna fare indagini a trecentosessanta gradi. \u00c8 tutto da valutare e da studiare, si sono limitati a fare dei prelievi di materiale inorganici rinvenuto sulla teca cranica: terreno, foglie e altro\u201d.<br \/>\nAltre indicazioni arrivano dal medico legale, Elvira Ventura Spagnolo, perito della Procura di Patti: \u201cAbbiamo fatto un prelievo sui reperti geologici, in particolare terriccio\u201d. Alla domanda se si pu\u00f2 capire se il bambino \u00e8 stato spostato il medico legale ha sottolineato che \u201cnon \u00e8 cos\u00ec che si procede\u201d. \u201cAbbiamo ancora da lavorare \u2013 ha aggiunto \u2013 e al termine delle operazioni avremo un quadro completo. E\u2019 una attivit\u00e0 che andava fatta. Cercheremo di rispettare le tempistiche che ci sono state assegnate. Ci saranno altri accertamenti\u201d.<br \/>\n\u201cAppena la geologa forense finir\u00e0 con i suoi riscontri \u2013 ha osservato il medico legale Daniela Sapienza, perito della Procura \u2013 entreranno in campo le competenze medico legali e faremo le nostre valutazioni\u201d. Su eventuali traumi al cranio ha spiegato che \u201cnon li abbiamo ancora analizzati cosi come \u00e8 ancora decisamente prematuro parlare della lesivit\u00e0 della macrofauna\u201d. \u201cStiamo procedendo per step \u2013 ha concluso \u2013 diamo prima la precedenza a questo tipo di esame e poi faremo le valutazioni medico legali di cui abbiamo parlato\u201d.<br \/>\nSalvatore Spitaleri, biologo forense consulente dell\u2019avv. Nicodemo Gentile, legale della famiglia Parisi, aggiunge: \u201cHanno eseguito delle operazioni di geologia forense, non abbiano fatto alcun tipo di valutazione. Sono tutti esami che vanno messi insieme per fare un resoconto finale. Sono ottimista<div id=\"div-gpt-ad-Messinaoggi.it-DSK-300x250-corpoart\" style=\"text-align:center;margin:0 auto;\"><\/div><\/p>\n<div id=\"videoincontent\" style=\"clear:both\";><\/div>","protected":false},"excerpt":{"rendered":"<p>E\u2019 stato repertato del terriccio ed altro materiale che \u00e8 stato rinvenuto. Quello che \u00e8 stato prelevato servir\u00e0 proprio a questo a stabilire se il bambino \u00e8 stato spostato o \u00e8 rimasto l\u00ec dove \u00e8 stato ritrovato\u201d. A dirlo \u00e8 l\u2019avv. Antonio Cozza, legale della famiglia della dj Viviana Parisi, a conclusione dell\u2019accertamento sul cranio [&hellip;]<\/p>\n","protected":false},"author":4,"featured_media":46348,"comment_status":"closed","ping_status":"closed","sticky":false,"template":"","format":"standard","meta":{"ub_ctt_via":"","_mi_skip_tracking":false},"categories":[19],"tags":[],"featured_image_src":"https:\/\/www.messinaoggi.it\/website\/wp-content\/uploads\/2020\/08\/IMG-20200809-WA0012.jpg","author_info":{"display_name":"redme","author_link":"https:\/\/www.messinaoggi.it\/website\/author\/redme\/"},"digistream_id":0,"digistream":false,"_links":{"self":[{"href":"https:\/\/www.messinaoggi.it\/website\/wp-json\/wp\/v2\/posts\/46941"}],"collection":[{"href":"https:\/\/www.messinaoggi.it\/website\/wp-json\/wp\/v2\/posts"}],"about":[{"href":"https:\/\/www.messinaoggi.it\/website\/wp-json\/wp\/v2\/types\/post"}],"author":[{"embeddable":true,"href":"https:\/\/www.messinaoggi.it\/website\/wp-json\/wp\/v2\/users\/4"}],"replies":[{"embeddable":true,"href":"https:\/\/www.messinaoggi.it\/website\/wp-json\/wp\/v2\/comments?post=46941"}],"version-history":[{"count":0,"href":"https:\/\/www.messinaoggi.it\/website\/wp-json\/wp\/v2\/posts\/46941\/revisions"}],"wp:featuredmedia":[{"embeddable":true,"href":"https:\/\/www.messinaoggi.it\/website\/wp-json\/wp\/v2\/media\/46348"}],"wp:attachment":[{"href":"https:\/\/www.messinaoggi.it\/website\/wp-json\/wp\/v2\/media?parent=46941"}],"wp:term":[{"taxonomy":"category","embeddable":true,"href":"https:\/\/www.messinaoggi.it\/website\/wp-json\/wp\/v2\/categories?post=46941"},{"taxonomy":"post_tag","embeddable":true,"href":"https:\/\/www.messinaoggi.it\/website\/wp-json\/wp\/v2\/tags?post=46941"}],"curies":[{"name":"wp","href":"https:\/\/api.w.org\/{rel}","templated":true}]}}