{"id":46937,"date":"2020-09-01T16:56:42","date_gmt":"2020-09-01T14:56:42","guid":{"rendered":"https:\/\/www.messinaoggi.it\/website\/?p=46937"},"modified":"2020-09-01T16:56:42","modified_gmt":"2020-09-01T14:56:42","slug":"tumori-in-eta-pediatrica-progetto-del-policlinico-di-messina","status":"publish","type":"post","link":"https:\/\/www.messinaoggi.it\/website\/2020\/09\/01\/tumori-in-eta-pediatrica-progetto-del-policlinico-di-messina\/","title":{"rendered":"Tumori in et\u00e0 pediatrica, progetto del Policlinico di Messina"},"content":{"rendered":"<p>La gestione dei pazienti con conseguenze endocrino-metaboliche a medio e lungo termine causate da tumori cerebrali curati in et\u00e0 pediatrica. Sar\u00e0 questo il tema al centro del progetto che sar\u00e0 presentato il prossimo 4 settembre, dalle 10.30 alle 13, nell&#8217;Aula magna &#8216;Filippo De Luca&#8217; del padiglione NI dell&#8217;Azienda universitaria Policlinico &#8216;Gaetano Martino&#8217; di Messina. Responsabile scientifico del progetto, finanziato dal programma Psn 2017-2018, \u00e8 Salvatore Cannav\u00f2, ordinario di Endocrinologia dell&#8217;Universit\u00e0 degli Studi di Messina\u00a0e direttore dell&#8217;Uoc di Endocrinologia del Policlinico. All&#8217;apertura dei lavori interverr\u00e0 il commissario straordinario dell&#8217;azienda ospedaliera universitaria, Giampiero Bonaccorsi. Il progetto nasce dalla collaborazione dell&#8217;unit\u00e0 operativa complessa di Endocrinologia con le unit\u00e0 operative complesse di Pediatria e di Neurochirurgia e con l&#8217;unit\u00e0 operativa semplice &#8216;ICT e Internazionalizzazione&#8217;. E&#8217; destinato a pazienti che presentano conseguenze endocrino-metaboliche, a causa di tumori cerebrali sviluppati in et\u00e0 pediatrica.<br \/>\nL&#8217;obiettivo \u00e8 accrescere il livello di informazione su tali problematiche nella popolazione in generale e nei pazienti in particolare, migliorare la formazione medica specialistica, acquisire dati epidemiologici su base regionale, realizzare un sistema di telemedicina, assicurando l&#8217;assistenza da remoto ai pazienti e ridurre, altres\u00ec, la migrazione sanitaria passiva per la cura di tali patologie. L&#8217;evento sar\u00e0 anche trasmesso in streaming sul sito web dell&#8217;Aou.<div id=\"div-gpt-ad-Messinaoggi.it-DSK-300x250-corpoart\" style=\"text-align:center;margin:0 auto;\"><\/div><\/p>\n<div id=\"videoincontent\" style=\"clear:both\";><\/div>","protected":false},"excerpt":{"rendered":"<p>La gestione dei pazienti con conseguenze endocrino-metaboliche a medio e lungo termine causate da tumori cerebrali curati in et\u00e0 pediatrica. Sar\u00e0 questo il tema al centro del progetto che sar\u00e0 presentato il prossimo 4 settembre, dalle 10.30 alle 13, nell&#8217;Aula magna &#8216;Filippo De Luca&#8217; del padiglione NI dell&#8217;Azienda universitaria Policlinico &#8216;Gaetano Martino&#8217; di Messina. Responsabile [&hellip;]<\/p>\n","protected":false},"author":2,"featured_media":42542,"comment_status":"closed","ping_status":"closed","sticky":false,"template":"","format":"standard","meta":{"ub_ctt_via":"","_mi_skip_tracking":false},"categories":[11],"tags":[],"featured_image_src":"https:\/\/www.messinaoggi.it\/website\/wp-content\/uploads\/2020\/04\/Policlinico-di-Messina.jpg","author_info":{"display_name":"Redazione","author_link":"https:\/\/www.messinaoggi.it\/website\/author\/redazione\/"},"digistream_id":0,"digistream":false,"_links":{"self":[{"href":"https:\/\/www.messinaoggi.it\/website\/wp-json\/wp\/v2\/posts\/46937"}],"collection":[{"href":"https:\/\/www.messinaoggi.it\/website\/wp-json\/wp\/v2\/posts"}],"about":[{"href":"https:\/\/www.messinaoggi.it\/website\/wp-json\/wp\/v2\/types\/post"}],"author":[{"embeddable":true,"href":"https:\/\/www.messinaoggi.it\/website\/wp-json\/wp\/v2\/users\/2"}],"replies":[{"embeddable":true,"href":"https:\/\/www.messinaoggi.it\/website\/wp-json\/wp\/v2\/comments?post=46937"}],"version-history":[{"count":0,"href":"https:\/\/www.messinaoggi.it\/website\/wp-json\/wp\/v2\/posts\/46937\/revisions"}],"wp:featuredmedia":[{"embeddable":true,"href":"https:\/\/www.messinaoggi.it\/website\/wp-json\/wp\/v2\/media\/42542"}],"wp:attachment":[{"href":"https:\/\/www.messinaoggi.it\/website\/wp-json\/wp\/v2\/media?parent=46937"}],"wp:term":[{"taxonomy":"category","embeddable":true,"href":"https:\/\/www.messinaoggi.it\/website\/wp-json\/wp\/v2\/categories?post=46937"},{"taxonomy":"post_tag","embeddable":true,"href":"https:\/\/www.messinaoggi.it\/website\/wp-json\/wp\/v2\/tags?post=46937"}],"curies":[{"name":"wp","href":"https:\/\/api.w.org\/{rel}","templated":true}]}}