{"id":46846,"date":"2020-08-28T14:21:53","date_gmt":"2020-08-28T12:21:53","guid":{"rendered":"https:\/\/www.messinaoggi.it\/website\/?p=46846"},"modified":"2020-08-28T14:21:53","modified_gmt":"2020-08-28T12:21:53","slug":"nessuna-traccia-di-sangue-sullauto-di-viviana","status":"publish","type":"post","link":"https:\/\/www.messinaoggi.it\/website\/2020\/08\/28\/nessuna-traccia-di-sangue-sullauto-di-viviana\/","title":{"rendered":"&quot;Nessuna traccia di sangue sull&#039;auto di Viviana&quot;"},"content":{"rendered":"<p>&#8220;Gli accertamenti genetici effettuati sui tamponi prelevati nel mezzo e sul parabrezza hanno finora fornito esito negativo, anche per quanto riguarda la presenza di eventuali tracce di sangue&#8221;. Lo scrive in una nota il procuratore di Patti, Angelo Cavallo, sottolineando che \u201cpertanto, non \u00e8 ancora possibile formulare, allo stato, alcuna seria ipotesi sulle cause di morte del piccolo Gioele\u201d.<br \/>\nIeri, si legge nella nota del procuratore Cavallo, \u201csi \u00e8 concluso un ulteriore ciclo di prelievi ed accertamenti sull&#8217;Opel Corsa in uso a Viviana Parisi al momento dello svolgimento dei fatti\u201d. \u201cGli accertamenti genetici effettuati sui tamponi prelevati all\u2019interno del mezzo e sul parabrezza \u2013 aggiunge \u2013 hanno finora fornito esito negativo, anche per quanto riguarda la presenza di eventuali tracce di sangue\u201d.<br \/>\n\u201cIl lavoro del collegio di consulenti incaricati degli esami autoptici, genetici e morfologici, nominato il 25 agosto, \u00e8 tuttora in corso ed \u00e8 nelle sue fasi iniziali; tale compito, come \u00e8 facilmente intuibile, si preannuncia lungo, complesso e, per forza di cose, articolato in numerose sessioni.<br \/>\nContrariamente a quanto riportato da alcuni organi di stampa nei giorni scorsi, pertanto \u2013 sottolinea il procuratore di Patti \u2013 non \u00e8 ancora possibile formulare, allo stato, alcuna seria ipotesi sulle cause di morte del piccolo Gioele. Come gi\u00e0 detto in precedenza, questo ufficio prosegue tuttora le indagini in ogni direzione, senza tralasciare alcuna ipotesi:.<br \/>\nDaniele Mondello, marito della dj, tramite il suo legale, l\u2019avv. Pietro Venuti, aveva reso noto che \u201cil parabrezza dell\u2019auto di Viviana era gi\u00e0 lesionato prima del 3 agosto scorso: si era rotto durante un sinistro precedente a quella data\u201d.<div id=\"div-gpt-ad-Messinaoggi.it-DSK-300x250-corpoart\" style=\"text-align:center;margin:0 auto;\"><\/div><\/p>\n<div id=\"lasic-633131526\" class=\"lasic-dopo-il-contenuto\"><\/div>\n<div id=\"videoincontent\" style=\"clear:both\";><\/div>","protected":false},"excerpt":{"rendered":"<p>&#8220;Gli accertamenti genetici effettuati sui tamponi prelevati nel mezzo e sul parabrezza hanno finora fornito esito negativo, anche per quanto riguarda la presenza di eventuali tracce di sangue&#8221;. Lo scrive in una nota il procuratore di Patti, Angelo Cavallo, sottolineando che \u201cpertanto, non \u00e8 ancora possibile formulare, allo stato, alcuna seria ipotesi sulle cause di [&hellip;]<\/p>\n","protected":false},"author":4,"featured_media":46104,"comment_status":"closed","ping_status":"closed","sticky":false,"template":"","format":"standard","meta":{"ub_ctt_via":"","_mi_skip_tracking":false},"categories":[19],"tags":[],"featured_image_src":"https:\/\/www.messinaoggi.it\/website\/wp-content\/uploads\/2020\/08\/IMG-20200803-WA0021-1.jpg","author_info":{"display_name":"redme","author_link":"https:\/\/www.messinaoggi.it\/website\/author\/redme\/"},"digistream_id":0,"digistream":false,"_links":{"self":[{"href":"https:\/\/www.messinaoggi.it\/website\/wp-json\/wp\/v2\/posts\/46846"}],"collection":[{"href":"https:\/\/www.messinaoggi.it\/website\/wp-json\/wp\/v2\/posts"}],"about":[{"href":"https:\/\/www.messinaoggi.it\/website\/wp-json\/wp\/v2\/types\/post"}],"author":[{"embeddable":true,"href":"https:\/\/www.messinaoggi.it\/website\/wp-json\/wp\/v2\/users\/4"}],"replies":[{"embeddable":true,"href":"https:\/\/www.messinaoggi.it\/website\/wp-json\/wp\/v2\/comments?post=46846"}],"version-history":[{"count":0,"href":"https:\/\/www.messinaoggi.it\/website\/wp-json\/wp\/v2\/posts\/46846\/revisions"}],"wp:featuredmedia":[{"embeddable":true,"href":"https:\/\/www.messinaoggi.it\/website\/wp-json\/wp\/v2\/media\/46104"}],"wp:attachment":[{"href":"https:\/\/www.messinaoggi.it\/website\/wp-json\/wp\/v2\/media?parent=46846"}],"wp:term":[{"taxonomy":"category","embeddable":true,"href":"https:\/\/www.messinaoggi.it\/website\/wp-json\/wp\/v2\/categories?post=46846"},{"taxonomy":"post_tag","embeddable":true,"href":"https:\/\/www.messinaoggi.it\/website\/wp-json\/wp\/v2\/tags?post=46846"}],"curies":[{"name":"wp","href":"https:\/\/api.w.org\/{rel}","templated":true}]}}