{"id":46844,"date":"2020-08-28T14:10:07","date_gmt":"2020-08-28T12:10:07","guid":{"rendered":"https:\/\/www.messinaoggi.it\/website\/?p=46844"},"modified":"2020-08-28T14:10:07","modified_gmt":"2020-08-28T12:10:07","slug":"de-luca-a-musumeci-mi-hai-lasciato-solo-ma-ti-sono-vicino","status":"publish","type":"post","link":"https:\/\/www.messinaoggi.it\/website\/2020\/08\/28\/de-luca-a-musumeci-mi-hai-lasciato-solo-ma-ti-sono-vicino\/","title":{"rendered":"De Luca a Musumeci: &quot;Mi hai lasciato solo, ma ti sono vicino&quot;"},"content":{"rendered":"<p>Il Tar boccia l&#8217;ordinanza di Musumeci sui migranti e De Luca esprime solidariet\u00e0 al presidente della Regione anche se tra le righe si percepisce qualche stoccata.<br \/>\n&#8220;<span style=\"color: #000000;\"><span style=\"font-family: Tahoma, sans-serif, Arial, Helvetica;\"><span style=\"font-size: medium;\">E<\/span><\/span><\/span><span style=\"color: #222222;\"><span style=\"font-family: Arial, Helvetica, sans-serif;\"><span style=\"font-size: medium;\">sprimo la mia pi\u00f9 convinta e sincera solidariet\u00e0 nei confronti del p<\/span><\/span><\/span><span style=\"color: #222222;\"><span style=\"font-family: Arial, Helvetica, sans-serif;\"><span style=\"font-size: medium;\">residente Musumeci, nei confronti della Sicilia e dei siciliani. Abbiamo perso un&#8217;altra grande occasione perch\u00e9 l&#8217;ordinanza che ha fatto il presidente della Regione Siciliana \u00e8 stata sospesa poco fa dal Tar di Palermo, a seguito dell\u2019impugnativa della Presidenza del Consiglio dei Ministri. Noi non siamo quelli che gioiscono di fronte a questi torti. \u00c8 vero che sono stato lasciato solo il 5 aprile scorso, quando ho fatto la mia ordinanza per adottare il database \u2018<\/span><\/span><\/span><span style=\"color: #222222;\"><span style=\"font-family: Arial, Helvetica, sans-serif;\"><span style=\"font-size: medium;\"><i>Si passa a condizione<\/i><\/span><\/span><\/span><span style=\"color: #222222;\"><span style=\"font-family: Arial, Helvetica, sans-serif;\"><span style=\"font-size: medium;\">\u2019.<\/span><\/span><\/span><br \/>\n<span style=\"color: #222222;\"><span style=\"font-family: Arial, Helvetica, sans-serif;\"><span style=\"font-size: medium;\">Sono stato lasciato solo quando il 23 marzo ho occupato lo Stretto di Messina. <\/span><\/span><\/span><span style=\"color: #222222;\"><span style=\"font-family: Arial, Helvetica, sans-serif;\"><span style=\"font-size: medium;\">S<\/span><\/span><\/span><span style=\"color: #222222;\"><span style=\"font-family: Arial, Helvetica, sans-serif;\"><span style=\"font-size: medium;\">ono stato lasciato solo quando il 18 luglio scorso ho emesso l&#8217;ordinanza per la chiusura dell\u2019hotspot di Bisconte a Messina. Nessuna parola di solidariet\u00e0 \u00e8 stata espressa dal presidente della Regione siciliana. Ma io sono d<\/span><\/span><\/span><span style=\"color: #222222;\"><span style=\"font-family: Arial, Helvetica, sans-serif;\"><span style=\"font-size: medium;\">i<\/span><\/span><\/span><span style=\"color: #222222;\"><span style=\"font-family: Arial, Helvetica, sans-serif;\"><span style=\"font-size: medium;\">\u00a0un&#8217;altra pa<\/span><\/span><\/span><span style=\"color: #222222;\"><span style=\"font-family: Arial, Helvetica, sans-serif;\"><span style=\"font-size: medium;\">sta rispetto a lui, pertanto<\/span><\/span><\/span><span style=\"color: #222222;\"><span style=\"font-family: Arial, Helvetica, sans-serif;\"><span style=\"font-size: medium;\">\u00a0<\/span><\/span><\/span><span style=\"color: #222222;\"><span style=\"font-family: Arial, Helvetica, sans-serif;\"><span style=\"font-size: medium;\">gli<\/span><\/span><\/span><span style=\"color: #222222;\"><span style=\"font-family: Arial, Helvetica, sans-serif;\"><span style=\"font-size: medium;\">\u00a0invio la mia piena solidariet\u00e0, anche se que<\/span><\/span><\/span><span style=\"color: #222222;\"><span style=\"font-family: Arial, Helvetica, sans-serif;\"><span style=\"font-size: medium;\">s<\/span><\/span><\/span><span style=\"color: #222222;\"><span style=\"font-family: Arial, Helvetica, sans-serif;\"><span style=\"font-size: medium;\">ta ordinanza non doveva essere fatta adesso, ma oltre due mesi, quando avevo chiesto a Musumeci di intervenire per evitare che la situazione degenerasse\u201d.<\/span><\/span><\/span><div id=\"div-gpt-ad-Messinaoggi.it-DSK-300x250-corpoart\" style=\"text-align:center;margin:0 auto;\"><\/div><\/p>\n<div id=\"videoincontent\" style=\"clear:both\";><\/div>","protected":false},"excerpt":{"rendered":"<p>Il Tar boccia l&#8217;ordinanza di Musumeci sui migranti e De Luca esprime solidariet\u00e0 al presidente della Regione anche se tra le righe si percepisce qualche stoccata. &#8220;Esprimo la mia pi\u00f9 convinta e sincera solidariet\u00e0 nei confronti del presidente Musumeci, nei confronti della Sicilia e dei siciliani. Abbiamo perso un&#8217;altra grande occasione perch\u00e9 l&#8217;ordinanza che ha [&hellip;]<\/p>\n","protected":false},"author":4,"featured_media":43537,"comment_status":"closed","ping_status":"closed","sticky":false,"template":"","format":"standard","meta":{"ub_ctt_via":"","_mi_skip_tracking":false},"categories":[4],"tags":[],"featured_image_src":"https:\/\/www.messinaoggi.it\/website\/wp-content\/uploads\/2020\/05\/0C5063A9-8449-4D61-8528-D3B8BC1D725B.jpeg","author_info":{"display_name":"redme","author_link":"https:\/\/www.messinaoggi.it\/website\/author\/redme\/"},"digistream_id":0,"digistream":false,"_links":{"self":[{"href":"https:\/\/www.messinaoggi.it\/website\/wp-json\/wp\/v2\/posts\/46844"}],"collection":[{"href":"https:\/\/www.messinaoggi.it\/website\/wp-json\/wp\/v2\/posts"}],"about":[{"href":"https:\/\/www.messinaoggi.it\/website\/wp-json\/wp\/v2\/types\/post"}],"author":[{"embeddable":true,"href":"https:\/\/www.messinaoggi.it\/website\/wp-json\/wp\/v2\/users\/4"}],"replies":[{"embeddable":true,"href":"https:\/\/www.messinaoggi.it\/website\/wp-json\/wp\/v2\/comments?post=46844"}],"version-history":[{"count":0,"href":"https:\/\/www.messinaoggi.it\/website\/wp-json\/wp\/v2\/posts\/46844\/revisions"}],"wp:featuredmedia":[{"embeddable":true,"href":"https:\/\/www.messinaoggi.it\/website\/wp-json\/wp\/v2\/media\/43537"}],"wp:attachment":[{"href":"https:\/\/www.messinaoggi.it\/website\/wp-json\/wp\/v2\/media?parent=46844"}],"wp:term":[{"taxonomy":"category","embeddable":true,"href":"https:\/\/www.messinaoggi.it\/website\/wp-json\/wp\/v2\/categories?post=46844"},{"taxonomy":"post_tag","embeddable":true,"href":"https:\/\/www.messinaoggi.it\/website\/wp-json\/wp\/v2\/tags?post=46844"}],"curies":[{"name":"wp","href":"https:\/\/api.w.org\/{rel}","templated":true}]}}