{"id":46785,"date":"2020-08-26T14:54:10","date_gmt":"2020-08-26T12:54:10","guid":{"rendered":"https:\/\/www.messinaoggi.it\/website\/?p=46785"},"modified":"2020-08-26T14:54:10","modified_gmt":"2020-08-26T12:54:10","slug":"musumeci-diffida-roma-pronta-a-stopparlo","status":"publish","type":"post","link":"https:\/\/www.messinaoggi.it\/website\/2020\/08\/26\/musumeci-diffida-roma-pronta-a-stopparlo\/","title":{"rendered":"Musumeci diffida, Roma pronta a stopparlo"},"content":{"rendered":"<div class=\"post-crumbs entry-crumbs\">\n<div class=\"vbreadcrumb\">Il governatore siciliano, Nello Musumeci, ha inviato una nota di diffida alle autorit\u00e0 competenti (le Prefetture) per l\u2019esecuzione della propria ordinanza emanata il 22 agosto scorso su hotspot e centri di accoglienza per migranti.<\/div>\n<\/div>\n<div class=\"main-left\">\n<div class=\"main-content\" role=\"main\">\n<div class=\"site-content page-wrap\">\n<article id=\"post-72834\" class=\"post-72834 post type-post status-publish format-standard has-post-thumbnail category-sicilia tag-coronavirus tag-covid tag-nello-musumeci tag-ordinanza-nello-musumeci sezione-taglio-alto\" data-id=\"72834\">\n<div class=\"entry-content clearfix\">\nNel documento, il governatore richiede, tra le altre misure, di illustrare il crono-programma del progressivo svuotamento degli hotspot per le gravi ragioni di promiscuit\u00e0 e assembramento in cui sono costretti gli ospiti.<br \/>\n\u201cQualora ci\u00f2 non fosse stato gi\u00e0 predisposto (come avvenuto stamane per il trasferimento dei migranti risultati positivi al Coronavirus, contagiatisi tra loro, nella struttura di Pozzallo), nella piena vigenza della ordinanza\u201d, il presidente Musumeci ha chiesto \u201cdi dare rapida esecuzione al provvedimento, tenuto conto altres\u00ec dell\u2019enorme numero di migranti attualmente presenti senza alcun distanziamento e pregiudizio della loro salute, nell\u2019hotspot di Lampedusa\u201d.<br \/>\nUna presa di posizione alla quale il Governo replica facendo sapere che \u00e8 imminente il ricorso contro il provvedimento regionale: gi\u00e0 mercoled\u00ec, secondo quanto si apprende, l\u2019esecutivo dovrebbe impugnare l\u2019ordinanza basandosi essenzialmente sul fatto, come aveva sottolineato nei giorni scorsi il Viminale, che la competenza in materia di migranti \u00e8 dello Stato.\n<\/div>\n<\/article>\n<\/div>\n<\/div>\n<\/div>\n<div id=\"div-gpt-ad-Messinaoggi.it-DSK-300x250-corpoart\" style=\"text-align:center;margin:0 auto;\"><\/div><\/p><div id=\"videoincontent\" style=\"clear:both\";><\/div>","protected":false},"excerpt":{"rendered":"<p>Il governatore siciliano, Nello Musumeci, ha inviato una nota di diffida alle autorit\u00e0 competenti (le Prefetture) per l\u2019esecuzione della propria ordinanza emanata il 22 agosto scorso su hotspot e centri di accoglienza per migranti. Nel documento, il governatore richiede, tra le altre misure, di illustrare il crono-programma del progressivo svuotamento degli hotspot per le gravi [&hellip;]<\/p>\n","protected":false},"author":4,"featured_media":37838,"comment_status":"closed","ping_status":"closed","sticky":false,"template":"","format":"standard","meta":{"ub_ctt_via":"","_mi_skip_tracking":false},"categories":[11],"tags":[],"featured_image_src":"https:\/\/www.messinaoggi.it\/website\/wp-content\/uploads\/2019\/10\/firma-consegna-dei-lavori-torrente-bisconte-catarratti.jpg","author_info":{"display_name":"redme","author_link":"https:\/\/www.messinaoggi.it\/website\/author\/redme\/"},"digistream_id":0,"digistream":false,"_links":{"self":[{"href":"https:\/\/www.messinaoggi.it\/website\/wp-json\/wp\/v2\/posts\/46785"}],"collection":[{"href":"https:\/\/www.messinaoggi.it\/website\/wp-json\/wp\/v2\/posts"}],"about":[{"href":"https:\/\/www.messinaoggi.it\/website\/wp-json\/wp\/v2\/types\/post"}],"author":[{"embeddable":true,"href":"https:\/\/www.messinaoggi.it\/website\/wp-json\/wp\/v2\/users\/4"}],"replies":[{"embeddable":true,"href":"https:\/\/www.messinaoggi.it\/website\/wp-json\/wp\/v2\/comments?post=46785"}],"version-history":[{"count":0,"href":"https:\/\/www.messinaoggi.it\/website\/wp-json\/wp\/v2\/posts\/46785\/revisions"}],"wp:featuredmedia":[{"embeddable":true,"href":"https:\/\/www.messinaoggi.it\/website\/wp-json\/wp\/v2\/media\/37838"}],"wp:attachment":[{"href":"https:\/\/www.messinaoggi.it\/website\/wp-json\/wp\/v2\/media?parent=46785"}],"wp:term":[{"taxonomy":"category","embeddable":true,"href":"https:\/\/www.messinaoggi.it\/website\/wp-json\/wp\/v2\/categories?post=46785"},{"taxonomy":"post_tag","embeddable":true,"href":"https:\/\/www.messinaoggi.it\/website\/wp-json\/wp\/v2\/tags?post=46785"}],"curies":[{"name":"wp","href":"https:\/\/api.w.org\/{rel}","templated":true}]}}