{"id":46759,"date":"2020-08-25T23:02:30","date_gmt":"2020-08-25T21:02:30","guid":{"rendered":"https:\/\/www.messinaoggi.it\/website\/?p=46759"},"modified":"2020-08-25T23:02:30","modified_gmt":"2020-08-25T21:02:30","slug":"rometta-autocarro-si-ribalta-e-abbatte-un-muretto","status":"publish","type":"post","link":"https:\/\/www.messinaoggi.it\/website\/2020\/08\/25\/rometta-autocarro-si-ribalta-e-abbatte-un-muretto\/","title":{"rendered":"Rometta, autocarro si ribalta e abbatte un muretto"},"content":{"rendered":"<p>Un autocarro si \u00e8 ribaltato in contrada Solim\u00f3, a Rometta Superiore, adagiandosi alla recinzione della strada provinciale.<br \/>\n<img loading=\"lazy\" class=\"alignnone size-medium wp-image-46762\" src=\"https:\/\/www.messinaoggi.it\/website\/wp-content\/uploads\/2020\/08\/IMG-20200825-WA0027-300x221.jpg\" alt=\"\" width=\"300\" height=\"221\" \/><br \/>\nSul posto \u00e8 stato inviato anche un escavatore privato che ha messo in asse il veicolo sul manto stradale. Intervenuti anche i vigili del fuoco di Villafranca che hanno messo in sicurezza l&#8217;autocarro con catene e tiranti.<br \/>\n<img loading=\"lazy\" class=\"alignnone size-medium wp-image-46761\" src=\"https:\/\/www.messinaoggi.it\/website\/wp-content\/uploads\/2020\/08\/IMG-20200825-WA0028-300x216.jpg\" alt=\"\" width=\"300\" height=\"216\" \/><br \/>\nCi sono volute diverse ore per rimettere sulla carreggiata il mezzo guidato da un conducente che per fortuna \u00e8 rimasto illeso.<div id=\"div-gpt-ad-Messinaoggi.it-DSK-300x250-corpoart\" style=\"text-align:center;margin:0 auto;\"><\/div><\/p>\n<div id=\"videoincontent\" style=\"clear:both\";><\/div>","protected":false},"excerpt":{"rendered":"<p>Un autocarro si \u00e8 ribaltato in contrada Solim\u00f3, a Rometta Superiore, adagiandosi alla recinzione della strada provinciale. Sul posto \u00e8 stato inviato anche un escavatore privato che ha messo in asse il veicolo sul manto stradale. Intervenuti anche i vigili del fuoco di Villafranca che hanno messo in sicurezza l&#8217;autocarro con catene e tiranti. Ci [&hellip;]<\/p>\n","protected":false},"author":4,"featured_media":46760,"comment_status":"closed","ping_status":"closed","sticky":false,"template":"","format":"standard","meta":{"ub_ctt_via":"","_mi_skip_tracking":false},"categories":[13,14],"tags":[],"featured_image_src":"https:\/\/www.messinaoggi.it\/website\/wp-content\/uploads\/2020\/08\/IMG-20200825-WA0030.jpg","author_info":{"display_name":"redme","author_link":"https:\/\/www.messinaoggi.it\/website\/author\/redme\/"},"digistream_id":0,"digistream":false,"_links":{"self":[{"href":"https:\/\/www.messinaoggi.it\/website\/wp-json\/wp\/v2\/posts\/46759"}],"collection":[{"href":"https:\/\/www.messinaoggi.it\/website\/wp-json\/wp\/v2\/posts"}],"about":[{"href":"https:\/\/www.messinaoggi.it\/website\/wp-json\/wp\/v2\/types\/post"}],"author":[{"embeddable":true,"href":"https:\/\/www.messinaoggi.it\/website\/wp-json\/wp\/v2\/users\/4"}],"replies":[{"embeddable":true,"href":"https:\/\/www.messinaoggi.it\/website\/wp-json\/wp\/v2\/comments?post=46759"}],"version-history":[{"count":0,"href":"https:\/\/www.messinaoggi.it\/website\/wp-json\/wp\/v2\/posts\/46759\/revisions"}],"wp:featuredmedia":[{"embeddable":true,"href":"https:\/\/www.messinaoggi.it\/website\/wp-json\/wp\/v2\/media\/46760"}],"wp:attachment":[{"href":"https:\/\/www.messinaoggi.it\/website\/wp-json\/wp\/v2\/media?parent=46759"}],"wp:term":[{"taxonomy":"category","embeddable":true,"href":"https:\/\/www.messinaoggi.it\/website\/wp-json\/wp\/v2\/categories?post=46759"},{"taxonomy":"post_tag","embeddable":true,"href":"https:\/\/www.messinaoggi.it\/website\/wp-json\/wp\/v2\/tags?post=46759"}],"curies":[{"name":"wp","href":"https:\/\/api.w.org\/{rel}","templated":true}]}}