{"id":46756,"date":"2020-08-25T21:57:15","date_gmt":"2020-08-25T19:57:15","guid":{"rendered":"https:\/\/www.messinaoggi.it\/website\/?p=46756"},"modified":"2020-08-25T21:57:15","modified_gmt":"2020-08-25T19:57:15","slug":"dal-ministro-al-consigliere-di-circoscrizione-il-registro-di-cateno-de-luca-e-solo-volgare","status":"publish","type":"post","link":"https:\/\/www.messinaoggi.it\/website\/2020\/08\/25\/dal-ministro-al-consigliere-di-circoscrizione-il-registro-di-cateno-de-luca-e-solo-volgare\/","title":{"rendered":"Dal ministro al consigliere di Circoscrizione, il registro di Cateno De Luca \u00e8 solo volgare"},"content":{"rendered":"<p style=\"text-align: justify;\">La ministra <strong>Luciana Lamorgese<\/strong> l\u2019ha mandata letteralmente a quel paese (per questo \u00e8 sotto inchiesta), poi \u00e8 stata la volta di <strong>Musumeci<\/strong> fatto bersaglio di insulti, al quale s\u2019\u00e8 rivolto con un volgarissimo \u201c<em>Nello mi hai rotto la m\u2026.<\/em> (<strong>s\u00ec, avete capito<\/strong>), quindi \u00e8 passato al consigliere comunale <strong>Alessandro Russo<\/strong> definito un \u201c<strong>doppio coglione<\/strong>\u201d, adesso \u00e8 la volta del consigliere della V Circoscrizione, <strong>Giovanni Bucalo<\/strong>, appellato come un &#8220;<strong>pallone gonfiato ignorante<\/strong>&#8221; in un post pubblicato su Fb. La dialettica di <strong>Cateno De Luca<\/strong> fa impallidire anche gli scaricatori di porto \u2013 con tutto rispetto per questa categoria di lavoratori \u2013, ma l\u2019ultima uscita del sindaco sboccato, meritava un commento.<div id=\"div-gpt-ad-Messinaoggi.it-DSK-300x250-corpoart\" style=\"text-align:center;margin:0 auto;\"><\/div><\/p>\n<p style=\"text-align: justify;\">Il linguaggio del sindaco, rappresentante di una pubblica istituzione, dovrebbe essere ispirato a uno stile sobrio e formale e invece, <strong>Cateno De Luca<\/strong>, scade ancora una volta nel turpiloquio che lo qualifica per quello che \u00e8: un paesano maleducato. Lungi dal voler rivolgere un insulto al sindaco, ma gli epiteti rivolti a un consigliere di quartiere, eletto nel popoloso quartiere di Giostra, non potevano passare sotto silenzio. Il linguaggio del sindaco \u00e8 qualcosa di aberrante e l\u2019uso continuo di parolacce ed epiteti rivolti all\u2019avversario politico di turno, sono la prova provata di una scadente incontinenza verbale.<div id=\"videoincontent\" style=\"clear:both\";><\/div><\/p>\n<p><img loading=\"lazy\" class=\"alignnone wp-image-14366\" src=\"https:\/\/www.messinaoggi.it\/website\/wp-content\/uploads\/2018\/01\/FOTO_PER_ARTICOLO_GIOVANNI-300x200.jpg\" alt=\"\" width=\"1157\" height=\"771\" \/><\/p>\n<p style=\"text-align: justify;\">L\u2019antefatto degli insulti a <strong>Bucalo<\/strong>, e quindi, ai cittadini messinesi \u00e8 rappresentato da una legittima presa di posizione del consigliere di quartiere, il quale ha definito \u201c<em>sgarbo istituzionale<\/em>\u201d, il \u201ctour\u201d di <strong>Mariagrazia Interdonato<\/strong>, attivissima consigliera di amministrazione della MessinaServiziBeneComune, al rione <strong>San Michele<\/strong>. La passarella della consigliera ha fatto andare su tutte le furie il consigliere di quartiere <strong>Giovanni Bucalo<\/strong>, il quale avrebbe gradito un coinvolgimento della <strong>V Circoscrizione<\/strong>. L\u2019intervista pubblicata sul nostro giornale, ha scatenato la solita reazione scomposta del sindaco che non ha usato mezzi termine per definire <strong>ignorante pallone gonfiato<\/strong> il rappresentante del popolo. Guai a \u201ctoccare\u201d <strong>Mariagrazia Interdonato<\/strong>, perch\u00e9 chi la tocca si becca gli insulti del primo cittadino.<\/p>\n<p style=\"text-align: justify;\">Questa \u00e8 la considerazione che <strong>Cateno De Luca<\/strong> ha dei rappresentanti delle Istituzioni, calpestando la dignit\u00e0 della persona umana, in primo luogo, e poi quella politica. Ma questo \u00e8 il sindaco di Messina che ancora non ha compreso che amministra una <strong>citt\u00e0 metropolitana<\/strong> e non un paese abbarbicato sulle colline (con tutti rispetto per i suoi abitanti).<\/p>\n<p style=\"text-align: right;\"><strong>Davide Gambale<\/strong><\/p>\n","protected":false},"excerpt":{"rendered":"<p>La ministra Luciana Lamorgese l\u2019ha mandata letteralmente a quel paese (per questo \u00e8 sotto inchiesta), poi \u00e8 stata la volta di Musumeci fatto bersaglio di insulti, al quale s\u2019\u00e8 rivolto con un volgarissimo \u201cNello mi hai rotto la m\u2026. (s\u00ec, avete capito), quindi \u00e8 passato al consigliere comunale Alessandro Russo definito un \u201cdoppio coglione\u201d, adesso [&hellip;]<\/p>\n","protected":false},"author":2,"featured_media":23053,"comment_status":"closed","ping_status":"closed","sticky":false,"template":"","format":"standard","meta":{"ub_ctt_via":"","_mi_skip_tracking":false},"categories":[4],"tags":[],"featured_image_src":"https:\/\/www.messinaoggi.it\/website\/wp-content\/uploads\/2018\/08\/CatenoDeLuca-1.jpg","author_info":{"display_name":"Redazione","author_link":"https:\/\/www.messinaoggi.it\/website\/author\/redazione\/"},"digistream_id":0,"digistream":false,"_links":{"self":[{"href":"https:\/\/www.messinaoggi.it\/website\/wp-json\/wp\/v2\/posts\/46756"}],"collection":[{"href":"https:\/\/www.messinaoggi.it\/website\/wp-json\/wp\/v2\/posts"}],"about":[{"href":"https:\/\/www.messinaoggi.it\/website\/wp-json\/wp\/v2\/types\/post"}],"author":[{"embeddable":true,"href":"https:\/\/www.messinaoggi.it\/website\/wp-json\/wp\/v2\/users\/2"}],"replies":[{"embeddable":true,"href":"https:\/\/www.messinaoggi.it\/website\/wp-json\/wp\/v2\/comments?post=46756"}],"version-history":[{"count":0,"href":"https:\/\/www.messinaoggi.it\/website\/wp-json\/wp\/v2\/posts\/46756\/revisions"}],"wp:featuredmedia":[{"embeddable":true,"href":"https:\/\/www.messinaoggi.it\/website\/wp-json\/wp\/v2\/media\/23053"}],"wp:attachment":[{"href":"https:\/\/www.messinaoggi.it\/website\/wp-json\/wp\/v2\/media?parent=46756"}],"wp:term":[{"taxonomy":"category","embeddable":true,"href":"https:\/\/www.messinaoggi.it\/website\/wp-json\/wp\/v2\/categories?post=46756"},{"taxonomy":"post_tag","embeddable":true,"href":"https:\/\/www.messinaoggi.it\/website\/wp-json\/wp\/v2\/tags?post=46756"}],"curies":[{"name":"wp","href":"https:\/\/api.w.org\/{rel}","templated":true}]}}