{"id":46729,"date":"2020-08-24T17:47:34","date_gmt":"2020-08-24T15:47:34","guid":{"rendered":"https:\/\/www.messinaoggi.it\/website\/?p=46729"},"modified":"2020-08-24T17:47:34","modified_gmt":"2020-08-24T15:47:34","slug":"auto-il-25-slalom-rocca-di-novara-di-sicilia-e-campionato-italiano","status":"publish","type":"post","link":"https:\/\/www.messinaoggi.it\/website\/2020\/08\/24\/auto-il-25-slalom-rocca-di-novara-di-sicilia-e-campionato-italiano\/","title":{"rendered":"AUTO &#8211; Il 25\u00b0 Slalom Rocca di Novara di Sicilia \u00e8 campionato italiano"},"content":{"rendered":"<div>\n<h6><em><strong>L&#8217;apprezzata gara messinese, organizzata da Top Competition sabato 26 e domenica 27 settembre, sar\u00e0 4\u00b0 round della massima serie tricolore e riporter\u00e0 i migliori protagonisti nazionali nel centro annoverato tra i pi\u00f9 belli d&#8217;Italia<\/strong><\/em><\/h6>\n<\/div>\n<div class=\"testo\">\n<p style=\"text-align: justify\">L\u2019edizione delle Nozze D\u2019Argento dello Slalom \u201cRocche Novara di Sicilia\u201d si svolger\u00e0 sabato 26 e domenica 27 settembre e sar\u00e0 valida per il Campionato Italiano. La gara messinese organizzata dal professionale staff di Top Competition \u00e8 da sempre tra le competizioni a pi\u00f9 alto gradimento, per la spettacolarit\u00e0 del tracciato e per la suggestiva location al confine tra i monti Peloritani ed i Nebrodi, da sempre meta di visitatori, oltre che appassionati delle corse tra i birilli.<div id=\"div-gpt-ad-Messinaoggi.it-DSK-300x250-corpoart\" style=\"text-align:center;margin:0 auto;\"><\/div><\/p>\n<p style=\"text-align: justify\">Nel pieno rispetto delle vigenti normative del Governo Nazionale e delle direttive ACI, il 25\u00b0 Slalom Rocca Novara di Sicilia si svolger\u00e0 in assenza di pubblico, ma gli organizzatori hanno previsto dei flussi di informazioni continui per vivere anche a distanza ogni fase del fine settimana sportivo.<br \/>\nTop Competiton ha ancora una volta trovato piena collaborazione dall\u2019Amministrazione Comunale con a capo il primo cittadino Gino Bertolami, da sempre entusiasta sostenitore del valore promozionale dell\u2019evento sportivo, soprattutto nel medio e lungo periodo, come richiede il particolare momento.<div id=\"videoincontent\" style=\"clear:both\";><\/div><\/p>\n<p style=\"text-align: justify\">Preziosa come sempre la collaborazione ed il dialogo con le Istituzioni e le Forze dell\u2019Ordine che, in pi\u00f9 occasioni, hanno verificato la competenza e la professionalit\u00e0 di tutte le figure preposte allo svolgimento della gara secondo le regole ed in piena sicurezza.<\/p>\n<p style=\"text-align: justify\">\u201c<em>La rimodulazione dei calendari sportivi 2020 ha preteso delle risposte rapide e concrete, per cui \u00e8 stato prezioso il lavoro delle passate edizioni per avere conferma della validit\u00e0 tricolore<\/em> &#8211; ha sottolineato Maria Grazia Bisazza, Presidente Top Competition &#8211; <em>certamente \u00e8 una bella gratificazione per noi e per la citt\u00e0 che ha sempre voluto ed amato l\u2019evento, ma soprattutto \u00e8 una responsabilit\u00e0 verso lo sport e verso tutte le istituzioni, nel garantire la massima sicurezza sanitaria e di gara. Siamo felici di poter contare questo successo per il nostro staff\u201d.<\/em><\/p>\n<p>Macchina organizzativa a pieno regime e la prossima settimana il via alle iscrizioni per la gara che nel 2019 vide al fotofinish la vittoria del giovane messinese Emanuele Schilace, l\u2019alfiere della T.M. Racing sulla Radical SR4 da 1600 cc, primo in tutte e tre le manche di gara sui 3,3 Km della SS 185 dove \u00e8 sempre stato tallonato dai diretti inseguitori su un podio tutto Radical SR4: il catanese Michele Puglisi ed il kartista di Brolo Francesco Lombardo per la prima volta sulla scattante biposto inglese.\n<\/p><\/div>\n","protected":false},"excerpt":{"rendered":"<p>L&#8217;apprezzata gara messinese, organizzata da Top Competition sabato 26 e domenica 27 settembre, sar\u00e0 4\u00b0 round della massima serie tricolore e riporter\u00e0 i migliori protagonisti nazionali nel centro annoverato tra i pi\u00f9 belli d&#8217;Italia L\u2019edizione delle Nozze D\u2019Argento dello Slalom \u201cRocche Novara di Sicilia\u201d si svolger\u00e0 sabato 26 e domenica 27 settembre e sar\u00e0 valida [&hellip;]<\/p>\n","protected":false},"author":17,"featured_media":46730,"comment_status":"closed","ping_status":"closed","sticky":false,"template":"","format":"standard","meta":{"ub_ctt_via":"","_mi_skip_tracking":false},"categories":[8,9],"tags":[309],"featured_image_src":"https:\/\/www.messinaoggi.it\/website\/wp-content\/uploads\/2020\/08\/schillace.jpeg","author_info":{"display_name":"Giuseppe Luppino","author_link":"https:\/\/www.messinaoggi.it\/website\/author\/g-luppino\/"},"digistream_id":0,"digistream":false,"_links":{"self":[{"href":"https:\/\/www.messinaoggi.it\/website\/wp-json\/wp\/v2\/posts\/46729"}],"collection":[{"href":"https:\/\/www.messinaoggi.it\/website\/wp-json\/wp\/v2\/posts"}],"about":[{"href":"https:\/\/www.messinaoggi.it\/website\/wp-json\/wp\/v2\/types\/post"}],"author":[{"embeddable":true,"href":"https:\/\/www.messinaoggi.it\/website\/wp-json\/wp\/v2\/users\/17"}],"replies":[{"embeddable":true,"href":"https:\/\/www.messinaoggi.it\/website\/wp-json\/wp\/v2\/comments?post=46729"}],"version-history":[{"count":0,"href":"https:\/\/www.messinaoggi.it\/website\/wp-json\/wp\/v2\/posts\/46729\/revisions"}],"wp:featuredmedia":[{"embeddable":true,"href":"https:\/\/www.messinaoggi.it\/website\/wp-json\/wp\/v2\/media\/46730"}],"wp:attachment":[{"href":"https:\/\/www.messinaoggi.it\/website\/wp-json\/wp\/v2\/media?parent=46729"}],"wp:term":[{"taxonomy":"category","embeddable":true,"href":"https:\/\/www.messinaoggi.it\/website\/wp-json\/wp\/v2\/categories?post=46729"},{"taxonomy":"post_tag","embeddable":true,"href":"https:\/\/www.messinaoggi.it\/website\/wp-json\/wp\/v2\/tags?post=46729"}],"curies":[{"name":"wp","href":"https:\/\/api.w.org\/{rel}","templated":true}]}}