{"id":46728,"date":"2020-08-24T15:28:59","date_gmt":"2020-08-24T13:28:59","guid":{"rendered":"https:\/\/www.messinaoggi.it\/website\/?p=46728"},"modified":"2020-08-24T15:28:59","modified_gmt":"2020-08-24T13:28:59","slug":"giallo-di-caronia-procura-di-patti-non-si-esclude-nulla-in-corso-complesse-indagini","status":"publish","type":"post","link":"https:\/\/www.messinaoggi.it\/website\/2020\/08\/24\/giallo-di-caronia-procura-di-patti-non-si-esclude-nulla-in-corso-complesse-indagini\/","title":{"rendered":"Giallo di Caronia. Procura di Patti: &quot;Non si esclude nulla, in corso complesse indagini&quot;"},"content":{"rendered":"<p>&#8220;Con riferimento alle indagini relative al decesso di Viviana Parisi e del piccolo Gioele Mondello, la Procura della Repubblica di Patti sta proseguendo le indagini al fine di acquisire elementi di prova e riscontri, con riferimento ad ogni possibile dinamica dei fatti.<br \/>\nContrariamente a quanto riportato da alcuni organi di stampa &#8211; si legge nel comunicato &#8211; non \u00e8 mai stata data, n\u00e9 avrebbe mai potuto essere espressa da questo Ufficio, alcuna indicazione di probabilit\u00e0 su ipotesi da escludere o privilegiare, nemmeno nel momento iniziale delle indagini.<br \/>\nLe ricerche delle vittime, su tempistica e modalit\u00e0, sono state coordinate dagli organi competenti, diversi da questa Procura, e sono rimaste ben distinte dalle attivit\u00e0 investigative giudiziarie finalizzate alla ricostruzione dell\u2019intera vicenda.<br \/>\nComplesse indagini sono ancora in corso, allo stato, nei confronti di ignoti per i delitti di omicidio e sequestro di persona e sono tuttora coperte da segreto istruttorio.<br \/>\nCon riguardo agli atti che \u00e8 possibile esplicitare, questo Ufficio ha ritenuto di acquisire, di propria iniziativa, le immagini riprese dai droni dei VV.FF. durante le ricerche coordinate dalla Prefettura di Messina ed ha affidato, gi\u00e0 dal 13 agosto scorso, ad un proprio consulente geologo forense, esperto dei luoghi, il compito di rivedere ed esaminare uno per uno i relativi fotogrammi, al fine di acquisire elementi utili alle indagini, evidentemente del tutto diversi da quelli riguardanti le mere ricerche delle persone scomparse.<br \/>\nTale materiale, che non faceva parte degli atti del procedimento, \u00e8 stato trasmesso al suddetto consulente dagli organi competenti di cui sopra (VV.FF.) in data 18 e 19 agosto 2020.<br \/>\nDall\u2019esame dei fotogrammi iniziato in data 20 agosto 2020, dopo una prima elaborazione ed ingrandimento, il consulente di questa Procura verificava che gi\u00e0 alle ore 10,15 circa del mattino del 4 agosto 2020, era visibile ai piedi del traliccio il corpo di Viviana Parisi, verosimilmente nella identica posizione in cui qualche giorno dopo veniva ritrovato.<br \/>\nQuanto al piccolo Gioele, \u00e8 attualmente in corso l\u2019elaborazione da parte del consulente di questa Procura delle migliaia di ulteriori fotogrammi ripresi dai droni dei VV.FF. nei giorni delle ricerche (oltre 16.000).<br \/>\nAl momento, ad un primo studio dei fotogrammi consultati, non si evidenzia la presenza del corpo del piccolo Gioele vicino a quello della madre.<br \/>\nIn ogni caso, ulteriori elementi dovranno essere ricavati dal necessario successivo approfondimento, ricorrendo a tutti i possibili strumenti tecnici diretti all\u2019analisi dei medesimi fotogrammi.<br \/>\nIn data 13 agosto 2020 questa Procura disponeva, inoltre, l\u2019acquisizione delle immagini satellitari dei luoghi inerenti la scomparsa di Viviana Parisi e del figlio Gioele, tratte dal sistema satellitare europeo \u201cCostellazione Copernicus\u201d. Tali immagini, allo stato, non sono risultate utili, ma, anche in questo caso, sono in corso ulteriori accertamenti ed approfondimenti tecnici.<br \/>\nE\u2019 in corso di valutazione anche l\u2019eventuale contributo che potr\u00e0 essere fornito dall\u2019acquisizione di immagini ricavate da altri sistemi satellitari.<br \/>\nSi \u00e8 proceduto in data odierna, 24 agosto 2020, a conferire incarico di consulenza tecnica al prof. Massimo Picozzi, docente di Psichiatria presso le Universit\u00e0 di Parma e Bocconi di Milano, al fine di acquisire informazioni precise sullo stato di salute mentale e psicologico della Sig.ra Parisi, alla luce della documentazione medica acquisita e di ogni altro elemento di eventuale interesse.<br \/>\nIn data 25 agosto 2020 verr\u00e0 conferito incarico per esame autoptico, accertamenti genetici e morfologici di vario tipo ad un pool di esperti, ciascuno dotato di specifica professionalit\u00e0. Saranno nominati, in particolare, la prof.ssa Daniela Sapienza, professore associato di Medicina Legale presso l\u2019universit\u00e0 di Messina, medico legale; la Dr. Elvira Ventura Spagnolo, medico legale; il prof. Stefano Vanin, professore associato di zoologia presso l\u2019universit\u00e0 di Genova, entomologo; il dott. Rosario Fico, responsabile del Centro di Referenza Nazionale per la Medicina Forense Veterinaria, in servizio presso l\u2019Istituto Zooprofilattico Sperimentale delle Regioni Lazio e Toscana \u201cAleandri\u201d, zoologo, esperto in materia di segni e tracce animali impresse sui corpi; la dott.ssa Rita Lorenzini, in servizio presso l\u2019Istituto Zooprofilattico Sperimentale delle Regioni Lazio e Toscana \u201cAleandri\u201d &#8211; Laboratorio di Diagnostica Molecolare Forense, zoologa e genetista esperta in materia di fauna selvatica e non; la prof.ssa Roberta Somma, presso l\u2019universit\u00e0 di Messina, geologa forense, esperta nell\u2019analisi di terreni e resti umani in essi conservati.<br \/>\nGli accertamenti investigativi si presentano, dunque, tuttora molto articolati e proseguono in ogni direzione, senza tralasciare, come gi\u00e0 detto, alcuna ipotesi.<br \/>\nQuesto Ufficio, sin dal primo momento, \u00e8 impegnato, senza risparmio di tempo, risorse ed energie, nell\u2019acquisizione di tutti gli elementi possibili, non tralasciando alcun dato che possa contribuire a chiarire i tragici eventi accaduti&#8221;.<div id=\"div-gpt-ad-Messinaoggi.it-DSK-300x250-corpoart\" style=\"text-align:center;margin:0 auto;\"><\/div><\/p>\n<div id=\"videoincontent\" style=\"clear:both\";><\/div>","protected":false},"excerpt":{"rendered":"<p>&#8220;Con riferimento alle indagini relative al decesso di Viviana Parisi e del piccolo Gioele Mondello, la Procura della Repubblica di Patti sta proseguendo le indagini al fine di acquisire elementi di prova e riscontri, con riferimento ad ogni possibile dinamica dei fatti. Contrariamente a quanto riportato da alcuni organi di stampa &#8211; si legge nel [&hellip;]<\/p>\n","protected":false},"author":4,"featured_media":46104,"comment_status":"closed","ping_status":"closed","sticky":false,"template":"","format":"standard","meta":{"ub_ctt_via":"","_mi_skip_tracking":false},"categories":[19],"tags":[],"featured_image_src":"https:\/\/www.messinaoggi.it\/website\/wp-content\/uploads\/2020\/08\/IMG-20200803-WA0021-1.jpg","author_info":{"display_name":"redme","author_link":"https:\/\/www.messinaoggi.it\/website\/author\/redme\/"},"digistream_id":0,"digistream":false,"_links":{"self":[{"href":"https:\/\/www.messinaoggi.it\/website\/wp-json\/wp\/v2\/posts\/46728"}],"collection":[{"href":"https:\/\/www.messinaoggi.it\/website\/wp-json\/wp\/v2\/posts"}],"about":[{"href":"https:\/\/www.messinaoggi.it\/website\/wp-json\/wp\/v2\/types\/post"}],"author":[{"embeddable":true,"href":"https:\/\/www.messinaoggi.it\/website\/wp-json\/wp\/v2\/users\/4"}],"replies":[{"embeddable":true,"href":"https:\/\/www.messinaoggi.it\/website\/wp-json\/wp\/v2\/comments?post=46728"}],"version-history":[{"count":0,"href":"https:\/\/www.messinaoggi.it\/website\/wp-json\/wp\/v2\/posts\/46728\/revisions"}],"wp:featuredmedia":[{"embeddable":true,"href":"https:\/\/www.messinaoggi.it\/website\/wp-json\/wp\/v2\/media\/46104"}],"wp:attachment":[{"href":"https:\/\/www.messinaoggi.it\/website\/wp-json\/wp\/v2\/media?parent=46728"}],"wp:term":[{"taxonomy":"category","embeddable":true,"href":"https:\/\/www.messinaoggi.it\/website\/wp-json\/wp\/v2\/categories?post=46728"},{"taxonomy":"post_tag","embeddable":true,"href":"https:\/\/www.messinaoggi.it\/website\/wp-json\/wp\/v2\/tags?post=46728"}],"curies":[{"name":"wp","href":"https:\/\/api.w.org\/{rel}","templated":true}]}}