{"id":46719,"date":"2020-08-24T10:18:03","date_gmt":"2020-08-24T08:18:03","guid":{"rendered":"https:\/\/www.messinaoggi.it\/website\/?p=46719"},"modified":"2020-08-24T10:18:03","modified_gmt":"2020-08-24T08:18:03","slug":"morte-lorenza-limbarazzante-silenzio-dellassessore-razza-la-cava-lui-responsabile-di-omicidio-colposo","status":"publish","type":"post","link":"https:\/\/www.messinaoggi.it\/website\/2020\/08\/24\/morte-lorenza-limbarazzante-silenzio-dellassessore-razza-la-cava-lui-responsabile-di-omicidio-colposo\/","title":{"rendered":"Morte Lorenza, l&#039;imbarazzante silenzio dell&#039;assessore Razza. La Cava: &quot;Lui responsabile di omicidio colposo&quot;"},"content":{"rendered":"<p style=\"text-align: justify;\">Nemmeno un messaggio di cordoglio per la morte assurda della giovane di Lipari, morta al Pronto soccorso dell&#8217;ospedale in circostanze tutte da chiarire. L&#8217;assessore alla Salute, Ruggero Razza, non ha postato nulla nemmeno su Fb per dimostrare vicinanza alla famiglia, lacerata da un lutto che forse (lo dir\u00e0 la magistratura), poteva essere evitato.<div id=\"div-gpt-ad-Messinaoggi.it-DSK-300x250-corpoart\" style=\"text-align:center;margin:0 auto;\"><\/div><\/p>\n<p style=\"text-align: justify;\">Il responsabile regionale della Sanit\u00e0 ha preferito di imboccare la via del silenzio, anche perch\u00e9 il problema dell&#8217;ospedale di Lipari era stato evidenziato in tempi non sospetti dai residenti. Una struttura, s&#8217;era detto, dove non si cura la salute ma si rischia di morire. Ecco Lorenza \u00e8 morta.<div id=\"videoincontent\" style=\"clear:both\";><\/div><\/p>\n<p><img loading=\"lazy\" class=\"alignnone  wp-image-9154\" src=\"https:\/\/www.messinaoggi.it\/website\/wp-content\/uploads\/2017\/10\/alessandro-la-cavaRRP_9328-300x200.jpg\" alt=\"\" width=\"1239\" height=\"826\" \/><\/p>\n<p style=\"text-align: justify;\">Alessandro La Cava, impegnato in politica da sempre, \u00e8 stato toccato direttamente dalla disgrazia perch\u00e9 Lorenza era sua cognata. &#8220;Se c&#8217;\u00e8 un responsabile di omicidio \u00e8 proprio l&#8217;assessore Ruggero Razza&#8221;. Lo ha detto in una intervista pubblica.<\/p>\n","protected":false},"excerpt":{"rendered":"<p>Nemmeno un messaggio di cordoglio per la morte assurda della giovane di Lipari, morta al Pronto soccorso dell&#8217;ospedale in circostanze tutte da chiarire. L&#8217;assessore alla Salute, Ruggero Razza, non ha postato nulla nemmeno su Fb per dimostrare vicinanza alla famiglia, lacerata da un lutto che forse (lo dir\u00e0 la magistratura), poteva essere evitato. Il responsabile [&hellip;]<\/p>\n","protected":false},"author":2,"featured_media":43031,"comment_status":"closed","ping_status":"closed","sticky":false,"template":"","format":"standard","meta":{"ub_ctt_via":"","_mi_skip_tracking":false},"categories":[13,6,14],"tags":[],"featured_image_src":"https:\/\/www.messinaoggi.it\/website\/wp-content\/uploads\/2020\/05\/3C583895-1B13-48D4-8177-9BBF89726F5D.jpeg","author_info":{"display_name":"Redazione","author_link":"https:\/\/www.messinaoggi.it\/website\/author\/redazione\/"},"digistream_id":0,"digistream":false,"_links":{"self":[{"href":"https:\/\/www.messinaoggi.it\/website\/wp-json\/wp\/v2\/posts\/46719"}],"collection":[{"href":"https:\/\/www.messinaoggi.it\/website\/wp-json\/wp\/v2\/posts"}],"about":[{"href":"https:\/\/www.messinaoggi.it\/website\/wp-json\/wp\/v2\/types\/post"}],"author":[{"embeddable":true,"href":"https:\/\/www.messinaoggi.it\/website\/wp-json\/wp\/v2\/users\/2"}],"replies":[{"embeddable":true,"href":"https:\/\/www.messinaoggi.it\/website\/wp-json\/wp\/v2\/comments?post=46719"}],"version-history":[{"count":0,"href":"https:\/\/www.messinaoggi.it\/website\/wp-json\/wp\/v2\/posts\/46719\/revisions"}],"wp:featuredmedia":[{"embeddable":true,"href":"https:\/\/www.messinaoggi.it\/website\/wp-json\/wp\/v2\/media\/43031"}],"wp:attachment":[{"href":"https:\/\/www.messinaoggi.it\/website\/wp-json\/wp\/v2\/media?parent=46719"}],"wp:term":[{"taxonomy":"category","embeddable":true,"href":"https:\/\/www.messinaoggi.it\/website\/wp-json\/wp\/v2\/categories?post=46719"},{"taxonomy":"post_tag","embeddable":true,"href":"https:\/\/www.messinaoggi.it\/website\/wp-json\/wp\/v2\/tags?post=46719"}],"curies":[{"name":"wp","href":"https:\/\/api.w.org\/{rel}","templated":true}]}}