{"id":46716,"date":"2020-08-23T22:26:12","date_gmt":"2020-08-23T20:26:12","guid":{"rendered":"https:\/\/www.messinaoggi.it\/website\/?p=46716"},"modified":"2020-08-23T22:26:12","modified_gmt":"2020-08-23T20:26:12","slug":"il-viminale-stoppa-musumeci-non-e-competenza-sua","status":"publish","type":"post","link":"https:\/\/www.messinaoggi.it\/website\/2020\/08\/23\/il-viminale-stoppa-musumeci-non-e-competenza-sua\/","title":{"rendered":"Il Viminale stoppa Musumeci: &quot;Non \u00e8 competenza sua&quot;"},"content":{"rendered":"<p>Arriva lo stop del ministero dell\u2019Interno all\u2019ordinanza firmata dal presidente della Regione, Nello Musumeci, che prevede la chiusura degli hotspot e dei centri di accoglienza nell\u2019Isola.<br \/>\nQuella dei migranti, spiegano fonti del Viminale, \u00e8 una materia di competenza statale, un\u2019ordinanza regionale dunque non pu\u00f2 incidervi. Le stesse fonti sottolineano che non si vuole polemizzare con Musumeci, sapendo anche che la Sicilia \u00e8 sottoposta ad una pressione migratoria eccezionale che si sta facendo il possibile per alleggerire.<br \/>\nMa secondo fonti della Regione siciliana l\u2019ordinanza del presidente \u00e8 adottata \u201csotto il profilo sanitario e quale soggetto attuatore dell\u2019emergenza Covid. Quindi non incide sulla materia \u2018migranti\u2019, che \u00e8 competenza statale, ma sulla idoneit\u00e0 delle strutture sotto il profilo sanitario a rispettare le misure e linee guida scientifiche sulla pandemia\u201d. In base all\u2019interpretazione della Regione l\u2019ordinanza \u201c\u00e8 certamente su materia di competenza in parte regionale e in parte sulla emergenza pandemica, introducendo misure di ordine preventivo a seguito della decisione dello Stato di non applicare le norme vigenti sei decreti sicurezza\u201d.<br \/>\n\u201cTutti conoscono il mio rispetto per le istituzioni \u2013 dice il governatore -. Ma pretendo lo stesso rispetto per la mia gente. Da Roma non abbiamo avuto altro che silenzi: sullo stato di emergenza richiesto per Lampedusa due mesi fa, sui protocolli sanitari da applicare, sulle tendopoli da scongiurare, sui rimpatri che dovevano iniziare il 10 agosto e di cui non si parla pi\u00f9, sul ponte aereo per i negativi. Nulla. Solo silenzio. Il governo centrale \u00e8 arrivato impreparato e non si \u00e8 posto alcun problema sulla gestione di un numero enorme di sbarchi durante la pandemia. E adesso il problema \u00e8 diventato la mia ordinanza? Il ministro dice che \u00e8 nulla? Quindi la responsabilit\u00e0 \u00e8 loro. Bene, sono usciti allo scoperto! Ma io, a differenza di quelli che parlano e straparlano da casa, sono entrato nell\u2019hotspot di Lampedusa. E so bene che quelle strutture non sono adeguate sotto il profilo sanitario. Sono un rischio costante per i migranti e per chi ci lavora\u201d.<br \/>\nL\u2019ordinanza firmata oggi da Musumeci prevede che \u201centro le 24 di domani tutti i migranti presenti negli hotspot e in ogni centro di accoglienza della Sicilia dovranno essere improrogabilmente trasferiti in strutture fuori dall\u2019isola\u201d.<div id=\"div-gpt-ad-Messinaoggi.it-DSK-300x250-corpoart\" style=\"text-align:center;margin:0 auto;\"><\/div><\/p>\n<div id=\"videoincontent\" style=\"clear:both\";><\/div>","protected":false},"excerpt":{"rendered":"<p>Arriva lo stop del ministero dell\u2019Interno all\u2019ordinanza firmata dal presidente della Regione, Nello Musumeci, che prevede la chiusura degli hotspot e dei centri di accoglienza nell\u2019Isola. Quella dei migranti, spiegano fonti del Viminale, \u00e8 una materia di competenza statale, un\u2019ordinanza regionale dunque non pu\u00f2 incidervi. Le stesse fonti sottolineano che non si vuole polemizzare con [&hellip;]<\/p>\n","protected":false},"author":4,"featured_media":43180,"comment_status":"closed","ping_status":"closed","sticky":false,"template":"","format":"standard","meta":{"ub_ctt_via":"","_mi_skip_tracking":false},"categories":[11],"tags":[],"featured_image_src":"https:\/\/www.messinaoggi.it\/website\/wp-content\/uploads\/2020\/05\/musumeci.jpg","author_info":{"display_name":"redme","author_link":"https:\/\/www.messinaoggi.it\/website\/author\/redme\/"},"digistream_id":0,"digistream":false,"_links":{"self":[{"href":"https:\/\/www.messinaoggi.it\/website\/wp-json\/wp\/v2\/posts\/46716"}],"collection":[{"href":"https:\/\/www.messinaoggi.it\/website\/wp-json\/wp\/v2\/posts"}],"about":[{"href":"https:\/\/www.messinaoggi.it\/website\/wp-json\/wp\/v2\/types\/post"}],"author":[{"embeddable":true,"href":"https:\/\/www.messinaoggi.it\/website\/wp-json\/wp\/v2\/users\/4"}],"replies":[{"embeddable":true,"href":"https:\/\/www.messinaoggi.it\/website\/wp-json\/wp\/v2\/comments?post=46716"}],"version-history":[{"count":0,"href":"https:\/\/www.messinaoggi.it\/website\/wp-json\/wp\/v2\/posts\/46716\/revisions"}],"wp:featuredmedia":[{"embeddable":true,"href":"https:\/\/www.messinaoggi.it\/website\/wp-json\/wp\/v2\/media\/43180"}],"wp:attachment":[{"href":"https:\/\/www.messinaoggi.it\/website\/wp-json\/wp\/v2\/media?parent=46716"}],"wp:term":[{"taxonomy":"category","embeddable":true,"href":"https:\/\/www.messinaoggi.it\/website\/wp-json\/wp\/v2\/categories?post=46716"},{"taxonomy":"post_tag","embeddable":true,"href":"https:\/\/www.messinaoggi.it\/website\/wp-json\/wp\/v2\/tags?post=46716"}],"curies":[{"name":"wp","href":"https:\/\/api.w.org\/{rel}","templated":true}]}}