{"id":4671,"date":"2017-07-13T08:01:34","date_gmt":"2017-07-13T06:01:34","guid":{"rendered":"http:\/\/www.messinaoggi.it\/website\/?p=4671"},"modified":"2017-07-13T08:01:34","modified_gmt":"2017-07-13T06:01:34","slug":"lassessore-signorino-presenta-dichiarazione-su-come-affrontare-lemergenza-incendi","status":"publish","type":"post","link":"https:\/\/www.messinaoggi.it\/website\/2017\/07\/13\/lassessore-signorino-presenta-dichiarazione-su-come-affrontare-lemergenza-incendi\/","title":{"rendered":"Emergenza incendi, le tre &quot;mosse&quot; di Signorino"},"content":{"rendered":"<p style=\"text-align: justify;\" align=\"JUSTIFY\"><span style=\"font-family: Arial, sans-serif;\"><span style=\"font-size: medium;\"><b>Contrasto agli incendi attivi, risarcimento dei danni, risorse per la prevenzione<\/b>: sono i tre fronti sui quali bisogna intervenire per contrastare l&#8217;emergenza incendi che sta colpendo Messina. \u00c8 in sintesi la dichiarazione dell\u2019Assessore alle Attivit\u00e0 Produttive e Agricoltura, Guido Signorino, a seguito della riunione con il Presidente della Regione e del tavolo svoltosi in occasione della convocazione congiunta delle Commissioni Consiliari V e VII.<\/span><\/span><div id=\"div-gpt-ad-Messinaoggi.it-DSK-300x250-corpoart\" style=\"text-align:center;margin:0 auto;\"><\/div><\/p>\n<p>\u201c<b>I primi interventi<\/b> \u2013 spiega Signorino in una nota \u2013 vengono condotti con professionalit\u00e0 e generosa disponibilit\u00e0 dai responsabili locali dei corpi interessati (Protezione Civile, Vigili del Fuoco, Forestale, Volontari, singoli Cittadini) e consentono di limitare i danni, avendo ad oggi evitato vittime e tutelato gli abitati\u201d.<br \/>\n\u201c<b>Sul secondo fronte<\/b>, l\u2019Amministrazione \u00e8 consapevole dei gravi danni subiti dalla citt\u00e0 (perdita di vaste aree boschive) e dalle attivit\u00e0 agricole (devastazione di ettari di campi coltivati e di colture arboree). La dichiarazione di stato di calamit\u00e0 (richiesta gi\u00e0 il 5 luglio) dovr\u00e0 dare copertura anche ai danni subiti dall\u2019agricoltura. L\u2019Amministrazione ha attivato un tavolo di collaborazione con l\u2019Ispettorato Agrario, l\u2019Azienda Foreste Demaniali e l\u2019Ispettorato Dipartimentale delle Foreste per una stima dei danni ai fini degli stanziamenti da richiedere con la dichiarazione di calamit\u00e0\u201d.<br \/>\n\u201c<b>Sul terzo fronte<\/b>, abbiamo formulato sia al Presidente Crocetta che in Commissione la proposta di attivare a Messina i <i>Contratti di Responsabilit\u00e0 Territoriale<\/i>. Introdotti nel Parco Nazionale dell\u2019Aspromonte da Tonino Perna, i contratti si basano sul coinvolgimento di associazioni e agricoltori, cui viene affidato il monitoraggio di porzioni del territorio, con sistemi di allerta e collegamento con le forze di intervento e con mezzi per il primo contrasto ai fuochi. Alle associazioni o ai coltivatori \u00e8 assegnato un contributo, di cui il 50% \u00e8 ottenuto in relazione alla prevenzione realizzata. In sostanza, met\u00e0 del contributo si riceve solo se la superficie incendiata non supera lo 0,2% di quella controllata, riducendosi in proporzione all\u2019estensione che non si \u00e8 riusciti a proteggere. Proponiamo di avviare una immediata sperimentazione a Messina. Ho gi\u00e0 discusso del progetto con alcune associazioni di coltivatori (Coldiretti, UNSIC), raccogliendo piena disponibilit\u00e0. Le risorse da destinarsi al territorio dovranno riguardare anche la prevenzione, perch\u00e9 gli incendi si spengono dall\u2019alto, ma si prevengono dal basso\u201d.<br \/>\n\u201cNella stessa direzione va anche la strategia elaborata per il GAL, appena finanziato e per il quale \u00e8 previsto un primo momento di animazione il prossimo 31 luglio, che prevede un censimento dei terreni incolti e una strategia che ne incentiva l\u2019assegnazione a giovani e cooperative per la messa in produzione. La cura dei suoli, la loro regimentazione, protezione e scerbatura e l\u2019attivit\u00e0 irrigua costituiscono la migliore prevenzione per il dissesto idrogeologico e il pi\u00f9 sano strumento di contrasto \u201cpassivo\u201d alla diffusione degli incendi\u201d.<br \/>\n\u201cSu questi fronti <b>l\u2019Amministrazione comunale chiede la mobilitazione di tutte le rappresentanze politiche<\/b> (regionali e nazionali) per la necessaria attenzione al territorio, anche metropolitano, di Messina, e candida il capoluogo ad una sperimentazione regionale delle strategie preventive\u201d.<div id=\"videoincontent\" style=\"clear:both\";><\/div><\/p>\n","protected":false},"excerpt":{"rendered":"<p>Contrasto agli incendi attivi, risarcimento dei danni, risorse per la prevenzione: sono i tre fronti sui quali bisogna intervenire per contrastare l&#8217;emergenza incendi che sta colpendo Messina. \u00c8 in sintesi la dichiarazione dell\u2019Assessore alle Attivit\u00e0 Produttive e Agricoltura, Guido Signorino, a seguito della riunione con il Presidente della Regione e del tavolo svoltosi in occasione [&hellip;]<\/p>\n","protected":false},"author":10,"featured_media":1932,"comment_status":"closed","ping_status":"open","sticky":false,"template":"","format":"standard","meta":{"ub_ctt_via":"","_mi_skip_tracking":false},"categories":[4],"tags":[],"featured_image_src":"https:\/\/www.messinaoggi.it\/website\/wp-content\/uploads\/2017\/06\/Signorino-Guido-2.jpg","author_info":{"display_name":"Paolo Mustica","author_link":"https:\/\/www.messinaoggi.it\/website\/author\/p-mustica\/"},"digistream_id":0,"digistream":false,"_links":{"self":[{"href":"https:\/\/www.messinaoggi.it\/website\/wp-json\/wp\/v2\/posts\/4671"}],"collection":[{"href":"https:\/\/www.messinaoggi.it\/website\/wp-json\/wp\/v2\/posts"}],"about":[{"href":"https:\/\/www.messinaoggi.it\/website\/wp-json\/wp\/v2\/types\/post"}],"author":[{"embeddable":true,"href":"https:\/\/www.messinaoggi.it\/website\/wp-json\/wp\/v2\/users\/10"}],"replies":[{"embeddable":true,"href":"https:\/\/www.messinaoggi.it\/website\/wp-json\/wp\/v2\/comments?post=4671"}],"version-history":[{"count":0,"href":"https:\/\/www.messinaoggi.it\/website\/wp-json\/wp\/v2\/posts\/4671\/revisions"}],"wp:featuredmedia":[{"embeddable":true,"href":"https:\/\/www.messinaoggi.it\/website\/wp-json\/wp\/v2\/media\/1932"}],"wp:attachment":[{"href":"https:\/\/www.messinaoggi.it\/website\/wp-json\/wp\/v2\/media?parent=4671"}],"wp:term":[{"taxonomy":"category","embeddable":true,"href":"https:\/\/www.messinaoggi.it\/website\/wp-json\/wp\/v2\/categories?post=4671"},{"taxonomy":"post_tag","embeddable":true,"href":"https:\/\/www.messinaoggi.it\/website\/wp-json\/wp\/v2\/tags?post=4671"}],"curies":[{"name":"wp","href":"https:\/\/api.w.org\/{rel}","templated":true}]}}