{"id":46702,"date":"2020-08-22T15:03:18","date_gmt":"2020-08-22T13:03:18","guid":{"rendered":"https:\/\/www.messinaoggi.it\/website\/?p=46702"},"modified":"2020-08-22T15:03:18","modified_gmt":"2020-08-22T13:03:18","slug":"calciomercato-serie-d-fc-messina-colpo-a-centrocampo-arriva-giuseppe-palma","status":"publish","type":"post","link":"https:\/\/www.messinaoggi.it\/website\/2020\/08\/22\/calciomercato-serie-d-fc-messina-colpo-a-centrocampo-arriva-giuseppe-palma\/","title":{"rendered":"CALCIOMERCATO SERIE D &#8211; FC Messina: colpo a centrocampo, arriva Giuseppe Palma"},"content":{"rendered":"<h6><em><strong>Il Football Club Messina comunica di aver l\u2019accordo che legher\u00e0 Giuseppe Palma al club giallorosso per la stagione 20\/21<\/strong><\/em><\/h6>\n<p style=\"text-align: justify\">La rosa del FC Messina continua a prendere forma ed una delle caselle rimaste ancora vacanti, quella di un ulteriore centrocampista \u201cover\u201d, viene riempita dal talento del napoletano Giuseppe Palma.\u00a0 Classe 1994, Palma \u00e8 una centrocampista abile in entrambe le fasi, dalla grande fisicit\u00e0 e dotato di un ottimo tiro.<div id=\"div-gpt-ad-Messinaoggi.it-DSK-300x250-corpoart\" style=\"text-align:center;margin:0 auto;\"><\/div><\/p>\n<p style=\"text-align: justify\">Cresciuto nel settore giovanile del Napoli, il neo-giallorosso ha disputato i campionati nazionali Giovanissimi ed Allievi con gli azzurri, e nella stagione 2011-2012 viene aggregato alla formazione Primavera, che punta forte su di lui come testimoniano le 24 presenze collezionate. Punto fermo della mediana partenopea anche nell\u2019annata successiva, dove i gettoni sono 23.<div id=\"videoincontent\" style=\"clear:both\";><\/div><\/p>\n<p style=\"text-align: justify\">Un biennio che gli garantir\u00e0 l\u2019attenzione di svariati club di categoria superiore. Sar\u00e0 il Vicenza, militante in Serie C1, ad aggiudicarselo in prestito ed in biancorosso collezioner\u00e0 tre presenze nella prima parte della stagione 2013\/2014, prima di passare, ancora in terza serie, alla Paganese: 9 apparizioni ed una rete. Rientra alla base nella stagione successiva, con il Napoli in Serie A, che a febbraio lo girer\u00e0 in prestito al Zalgiris Kaunas, club di prima serie lituana.<\/p>\n<p style=\"text-align: justify\">Alla prima esperienza estera Palma si far\u00e0 apprezzare con 18 presenze ed una rete. Ritorna in Italia, nuovamente in Serie C, per vestire la maglia dell\u2019Isola Ischiaverde per 16 volte nel 2015-2016.<br \/>\nVarcher\u00e0 il confine nazionale anche nella stagione 2016-2017, quando si trasferir\u00e0 nella seconda serie svizzera in forza al FC Chiasso. Nel 2017-2018 la prima apparizione in Serie D, quando collezion\u00f2 25 presenze condite da una rete, con il Mantova.<\/p>\n<p style=\"text-align: justify\">Torna tra i professionisti con il Rieti, diventando punto fermo del club laziale: 47 presenze e 2 reti fino allo scorso dicembre, quando Palma approd\u00f2 alla Turris, contribuendo alla promozione corallina con 8 gettoni e 3 reti.\u00a0In curriculum Giuseppe Palma pu\u00f2 vantare anche le esperienze con le formazioni giovanili U16 e U19 della Nazionale Italiana.<\/p>\n","protected":false},"excerpt":{"rendered":"<p>Il Football Club Messina comunica di aver l\u2019accordo che legher\u00e0 Giuseppe Palma al club giallorosso per la stagione 20\/21 La rosa del FC Messina continua a prendere forma ed una delle caselle rimaste ancora vacanti, quella di un ulteriore centrocampista \u201cover\u201d, viene riempita dal talento del napoletano Giuseppe Palma.\u00a0 Classe 1994, Palma \u00e8 una centrocampista [&hellip;]<\/p>\n","protected":false},"author":17,"featured_media":46703,"comment_status":"closed","ping_status":"closed","sticky":false,"template":"","format":"standard","meta":{"ub_ctt_via":"","_mi_skip_tracking":false},"categories":[10,9],"tags":[26,308],"featured_image_src":"https:\/\/www.messinaoggi.it\/website\/wp-content\/uploads\/2020\/08\/Rocco-Arena-e-Giuseppe-Palma.jpg","author_info":{"display_name":"Giuseppe Luppino","author_link":"https:\/\/www.messinaoggi.it\/website\/author\/g-luppino\/"},"digistream_id":0,"digistream":false,"_links":{"self":[{"href":"https:\/\/www.messinaoggi.it\/website\/wp-json\/wp\/v2\/posts\/46702"}],"collection":[{"href":"https:\/\/www.messinaoggi.it\/website\/wp-json\/wp\/v2\/posts"}],"about":[{"href":"https:\/\/www.messinaoggi.it\/website\/wp-json\/wp\/v2\/types\/post"}],"author":[{"embeddable":true,"href":"https:\/\/www.messinaoggi.it\/website\/wp-json\/wp\/v2\/users\/17"}],"replies":[{"embeddable":true,"href":"https:\/\/www.messinaoggi.it\/website\/wp-json\/wp\/v2\/comments?post=46702"}],"version-history":[{"count":0,"href":"https:\/\/www.messinaoggi.it\/website\/wp-json\/wp\/v2\/posts\/46702\/revisions"}],"wp:featuredmedia":[{"embeddable":true,"href":"https:\/\/www.messinaoggi.it\/website\/wp-json\/wp\/v2\/media\/46703"}],"wp:attachment":[{"href":"https:\/\/www.messinaoggi.it\/website\/wp-json\/wp\/v2\/media?parent=46702"}],"wp:term":[{"taxonomy":"category","embeddable":true,"href":"https:\/\/www.messinaoggi.it\/website\/wp-json\/wp\/v2\/categories?post=46702"},{"taxonomy":"post_tag","embeddable":true,"href":"https:\/\/www.messinaoggi.it\/website\/wp-json\/wp\/v2\/tags?post=46702"}],"curies":[{"name":"wp","href":"https:\/\/api.w.org\/{rel}","templated":true}]}}