{"id":46701,"date":"2020-08-22T14:33:52","date_gmt":"2020-08-22T12:33:52","guid":{"rendered":"https:\/\/www.messinaoggi.it\/website\/?p=46701"},"modified":"2020-08-22T14:33:52","modified_gmt":"2020-08-22T12:33:52","slug":"coronavirus-contagiata-anche-una-14enne-nel-messinese","status":"publish","type":"post","link":"https:\/\/www.messinaoggi.it\/website\/2020\/08\/22\/coronavirus-contagiata-anche-una-14enne-nel-messinese\/","title":{"rendered":"Coronavirus: contagiata anche una 14enne nel messinese"},"content":{"rendered":"<div class=\"kvgmc6g5 cxmmr5t8 oygrvhab hcukyx3x c1et5uql ii04i59q\">\n<div dir=\"auto\">&#8220;Una nuova positivit\u00e0 al Covid \u00e8 stata comunicata questa mattina. Si tratta di una 14enne , anche lei , come gli altri giovani precedentemente contagiati, senza alcun sintomo e in ottimo stato di salute.<\/div>\n<div dir=\"auto\">I positivi a Sant\u2019Agata sono adesso sette. Nel frattempo sono gi\u00e0 stati eseguiti i tamponi su circa una settantina dei 117 soggetti in isolamento precauzionale. I responsi arrivano in maniera centellinata ma sin qui sono fortunatamente negativi, soprattuto in relazione ai familiari dei contagiati&#8221;.<\/div>\n<div dir=\"auto\">Lo scrive il sindaco di Sant&#8217;Agata Militello, Brino Mancuso, su Fb.<\/div>\n<div dir=\"auto\"><\/div>\n<\/div>\n<div class=\"o9v6fnle cxmmr5t8 oygrvhab hcukyx3x c1et5uql ii04i59q\">\n<div dir=\"auto\">&#8220;Si ribadisce l\u2019invito a tutti, in particolare ai giovani, ad osservare scrupolosamente le misure e le distanze di sicurezza, a tutela delle proprie stesse famiglie, principalmente persone anziane e le fasce pi\u00f9 sensibili, e della comunit\u00e0 tutta, al fine di scongiurare un rischio contagio che al momento pu\u00f2 essere assolutamente contenuto ma che, in caso di mancato rispetto delle norme, potrebbe purtroppo espandersi a dismisura. Su questo e sulla necessit\u00e0 di controlli serrati, l\u2019amministrazione comunale conta sulla presenza sempre efficace delle forze dell\u2019ordine con cui continua ad esserci come sempre piena sinergia&#8221;.<\/div>\n<div dir=\"auto\">Conclude il sindaco di S. Agata Militello dove si sono registrati almeno 7 casi da inizio agosto.<\/div>\n<\/div>\n<div id=\"div-gpt-ad-Messinaoggi.it-DSK-300x250-corpoart\" style=\"text-align:center;margin:0 auto;\"><\/div><\/p><div id=\"videoincontent\" style=\"clear:both\";><\/div>","protected":false},"excerpt":{"rendered":"<p>&#8220;Una nuova positivit\u00e0 al Covid \u00e8 stata comunicata questa mattina. Si tratta di una 14enne , anche lei , come gli altri giovani precedentemente contagiati, senza alcun sintomo e in ottimo stato di salute. I positivi a Sant\u2019Agata sono adesso sette. Nel frattempo sono gi\u00e0 stati eseguiti i tamponi su circa una settantina dei 117 [&hellip;]<\/p>\n","protected":false},"author":2,"featured_media":43349,"comment_status":"closed","ping_status":"closed","sticky":false,"template":"","format":"standard","meta":{"ub_ctt_via":"","_mi_skip_tracking":false},"categories":[221],"tags":[],"featured_image_src":"https:\/\/www.messinaoggi.it\/website\/wp-content\/uploads\/2020\/05\/tampone_covid.jpg_834574915.jpg","author_info":{"display_name":"Redazione","author_link":"https:\/\/www.messinaoggi.it\/website\/author\/redazione\/"},"digistream_id":0,"digistream":false,"_links":{"self":[{"href":"https:\/\/www.messinaoggi.it\/website\/wp-json\/wp\/v2\/posts\/46701"}],"collection":[{"href":"https:\/\/www.messinaoggi.it\/website\/wp-json\/wp\/v2\/posts"}],"about":[{"href":"https:\/\/www.messinaoggi.it\/website\/wp-json\/wp\/v2\/types\/post"}],"author":[{"embeddable":true,"href":"https:\/\/www.messinaoggi.it\/website\/wp-json\/wp\/v2\/users\/2"}],"replies":[{"embeddable":true,"href":"https:\/\/www.messinaoggi.it\/website\/wp-json\/wp\/v2\/comments?post=46701"}],"version-history":[{"count":0,"href":"https:\/\/www.messinaoggi.it\/website\/wp-json\/wp\/v2\/posts\/46701\/revisions"}],"wp:featuredmedia":[{"embeddable":true,"href":"https:\/\/www.messinaoggi.it\/website\/wp-json\/wp\/v2\/media\/43349"}],"wp:attachment":[{"href":"https:\/\/www.messinaoggi.it\/website\/wp-json\/wp\/v2\/media?parent=46701"}],"wp:term":[{"taxonomy":"category","embeddable":true,"href":"https:\/\/www.messinaoggi.it\/website\/wp-json\/wp\/v2\/categories?post=46701"},{"taxonomy":"post_tag","embeddable":true,"href":"https:\/\/www.messinaoggi.it\/website\/wp-json\/wp\/v2\/tags?post=46701"}],"curies":[{"name":"wp","href":"https:\/\/api.w.org\/{rel}","templated":true}]}}