{"id":46693,"date":"2020-08-22T11:21:04","date_gmt":"2020-08-22T09:21:04","guid":{"rendered":"https:\/\/www.messinaoggi.it\/website\/?p=46693"},"modified":"2020-08-22T11:21:04","modified_gmt":"2020-08-22T09:21:04","slug":"amministrative-milazzo-pd-e-art-1-fanno-fronte-comune-contro-la-destra","status":"publish","type":"post","link":"https:\/\/www.messinaoggi.it\/website\/2020\/08\/22\/amministrative-milazzo-pd-e-art-1-fanno-fronte-comune-contro-la-destra\/","title":{"rendered":"Amministrative Milazzo, Pd e Art. 1 fanno fronte comune contro la destra"},"content":{"rendered":"<p>A breve la citt\u00e0 di Milazzo sar\u00e0 chiamata al voto per il rinnovo del sindaco e del Consiglio comunale ed in ragione di ci\u00f2 si \u00e8 svolta ieri, presso la sede della Camera del Lavoro, una riunione tra le delegazioni del Partito Democratico e di Articolo Uno.<br \/>\nAlla presenza del segretario provinciale del Partito Democratico, Nino Bartolotta e del segretario provinciale di Articolo Uno, Domenico Siracusano, sentiti i deputati Navarra e De Domenico, dopo un breve dibattito si \u00e8 convenuto di affrontare insieme\u00a0questo passaggio elettorale per fare fronte comune contro il centro-destra, &#8220;la peggiore destra che si sia mai vista negli ultimi anni, populista, aggressiva nei modi e nei termini, razzista&#8221;, cos\u00ec come si legge in una nota congiunta di Articolo 1 e del Partito Democratico.<br \/>\n&#8220;Ci poniamo come obiettivo primario quello di essere elemento di aggregazione di tutte quelle soggettivit\u00e0 e sensibilit\u00e0 milazzesi che non si riconoscono in questa destra, ma che vivono la loro quotidianit\u00e0 ispirandosi ai principi fondamentali del centro-sinistra: l\u2019equit\u00e0 sociale, l\u2019accoglienza, l\u2019uguaglianza, la solidariet\u00e0, la dignit\u00e0 della persona, il lavoro, che sia declinato anche in investimenti per lo sviluppo e l\u2019ambiente, a partire dalla Raffineria Mediterranea fino all\u2019intero comprensorio industriale della citt\u00e0 di Milazzo&#8221;, si continua a leggere nella nota.<br \/>\n&#8220;Di fronte ad una sfida impegnativa &#8211; proseguono Articolo 1 e Pd &#8211; \u00e8 fondamentale assumersi la responsabilit\u00e0 di creare tutte le condizioni per avere un fronte comune delle forze democratiche, progressiste e civiche, che offra una proposta politica seria e una visione del futuro a tutti i cittadini milazzesi che non si sentono rappresentati dall\u2019attuale offerta politica. Le logiche spartitorie alla base dei ragionamenti dei nostri avversari non ci interessano, ci interessa lavorare per il bene comune, ci interessa ragionare con chi ha a cuore la nostra citt\u00e0, con chi ha una visione e una prospettiva per Milazzo, aperta alla societ\u00e0 civile e ad un reale riformismo e che non sia la solita vecchia politica fatta dai soliti nomi. Con coraggio e grande senso di responsabilit\u00e0 vogliamo lanciare una sfida per la citt\u00e0 che metta in campo donne e uomini, capaci, entusiasti ed orgogliosi di appartenere al centro-sinistra&#8221;.<br \/>\nLe delegazioni di PD e Articolo Uno hanno programmato ulteriori incontri per definire, nel giro di pochi giorni, la proposta di una candidatura a sindaco che sappia intercettare il bisogno di innovazione e di un ritrovato dialogo con tutte le componenti della citt\u00e0. &#8220;Non possiamo permettere che vengano vanificati i sacrifici fatti in questi anni, da tutti i cittadini, per risanare i disastri finanziari creati da chi oggi impudentemente osa riproporsi alla citt\u00e0&#8221;, concludono i due partiti.<div id=\"div-gpt-ad-Messinaoggi.it-DSK-300x250-corpoart\" style=\"text-align:center;margin:0 auto;\"><\/div><\/p>\n<div id=\"videoincontent\" style=\"clear:both\";><\/div>","protected":false},"excerpt":{"rendered":"<p>A breve la citt\u00e0 di Milazzo sar\u00e0 chiamata al voto per il rinnovo del sindaco e del Consiglio comunale ed in ragione di ci\u00f2 si \u00e8 svolta ieri, presso la sede della Camera del Lavoro, una riunione tra le delegazioni del Partito Democratico e di Articolo Uno. Alla presenza del segretario provinciale del Partito Democratico, [&hellip;]<\/p>\n","protected":false},"author":8,"featured_media":2603,"comment_status":"closed","ping_status":"closed","sticky":false,"template":"","format":"standard","meta":{"ub_ctt_via":"","_mi_skip_tracking":false},"categories":[13,14],"tags":[],"featured_image_src":"https:\/\/www.messinaoggi.it\/website\/wp-content\/uploads\/2017\/06\/amministrative-elezioni-2.jpg","author_info":{"display_name":"red..me","author_link":"https:\/\/www.messinaoggi.it\/website\/author\/redstage\/"},"digistream_id":0,"digistream":false,"_links":{"self":[{"href":"https:\/\/www.messinaoggi.it\/website\/wp-json\/wp\/v2\/posts\/46693"}],"collection":[{"href":"https:\/\/www.messinaoggi.it\/website\/wp-json\/wp\/v2\/posts"}],"about":[{"href":"https:\/\/www.messinaoggi.it\/website\/wp-json\/wp\/v2\/types\/post"}],"author":[{"embeddable":true,"href":"https:\/\/www.messinaoggi.it\/website\/wp-json\/wp\/v2\/users\/8"}],"replies":[{"embeddable":true,"href":"https:\/\/www.messinaoggi.it\/website\/wp-json\/wp\/v2\/comments?post=46693"}],"version-history":[{"count":0,"href":"https:\/\/www.messinaoggi.it\/website\/wp-json\/wp\/v2\/posts\/46693\/revisions"}],"wp:featuredmedia":[{"embeddable":true,"href":"https:\/\/www.messinaoggi.it\/website\/wp-json\/wp\/v2\/media\/2603"}],"wp:attachment":[{"href":"https:\/\/www.messinaoggi.it\/website\/wp-json\/wp\/v2\/media?parent=46693"}],"wp:term":[{"taxonomy":"category","embeddable":true,"href":"https:\/\/www.messinaoggi.it\/website\/wp-json\/wp\/v2\/categories?post=46693"},{"taxonomy":"post_tag","embeddable":true,"href":"https:\/\/www.messinaoggi.it\/website\/wp-json\/wp\/v2\/tags?post=46693"}],"curies":[{"name":"wp","href":"https:\/\/api.w.org\/{rel}","templated":true}]}}