{"id":46672,"date":"2020-08-21T12:32:59","date_gmt":"2020-08-21T10:32:59","guid":{"rendered":"https:\/\/www.messinaoggi.it\/website\/?p=46672"},"modified":"2020-08-21T12:32:59","modified_gmt":"2020-08-21T10:32:59","slug":"controesodo-messina-intasata-ed-impreparata","status":"publish","type":"post","link":"https:\/\/www.messinaoggi.it\/website\/2020\/08\/21\/controesodo-messina-intasata-ed-impreparata\/","title":{"rendered":"Controesodo, Messina intasata ed impreparata"},"content":{"rendered":"<p>&#8220;A Messina il controesodo arriva inaspettato come il Natale il 25 dicembre. Ci piacerebbe fosse una battuta, ma \u00e8 l\u2019amara constatazione che migliaia di messinesi e turisti in transito devono fare anche quest\u2019anno di fronte ad una viabilit\u00e0 cittadina che si \u00e8 fatta trovare clamorosamente impreparata a reggere il peso del controesodo.<br \/>\n&#8220;A met\u00e0 dello scorso luglio avevamo con largo anticipo chiesto a Prefettura e Comune di Messina di attivare un piano di viabilit\u00e0 per garantire, in previsione dei weekend di controesodo, adeguati interventi sui flussi veicolari nelle giornate da bollino nero &#8211; dichiarano Angelo Passari e Nino Di Mento, segretari Uiltrasporti Messina &#8211; soprattutto garantendo il massimo utilizzo dei tre approdi di Messina, rada San Francesco, porto storico e Tremestieri. Tutto questo oggi non sta accadendo, anzi viene aggravato dalle scelte di viabilit\u00e0 adottate sullo svincolo di Giostra che stanno penalizzando il viale Boccetta e tutto il traffico nella zona centro nord della citt\u00e0.<br \/>\nInefficace in questi primi due giorni il presenziamento del corpo di Polizia Municipale, soprattutto all\u2019incrocio nevralgico del viale Boccetta con via Garibaldi, interamente impresenziato nei momenti pi\u00f9 critici di queste giornate che hanno visto andare in tilt tutta la viabilit\u00e0 cittadina\u201d.<br \/>\nInevitabile l\u2019affondo del sindacato al sindaco Cateno De Luca che recentemente ha avocato a se la delega alla polizia municipale, ma che alla prima prova sul campo sta dimostrando di non aver avuto la capacit\u00e0 di programmare servizi adeguati a fronteggiare un esodo ampiamente prevedibile, sia in termini di mobilit\u00e0 e gestione del corpo di Polizia Municipale, che di prevedere nelle sedi opportune un piano straordinario di utilizzo di tutte le infrastrutture portuali per un deflusso pi\u00f9 ordinato delle migliaia di auto che hanno finito per intasare la citt\u00e0.<br \/>\nIn vista dei prossimi weekend da bollino nero si chiedono correttivi urgenti facendo tesoro degli errori e dell\u2019esperienza negativa di queste ore. \u201cMessina, citt\u00e0 con tre svincoli autostradali su tre porti diversi, non pu\u00f2 scoppiare cos\u00ec di fronte a eventi largamente prevedibili\u201d.<div id=\"div-gpt-ad-Messinaoggi.it-DSK-300x250-corpoart\" style=\"text-align:center;margin:0 auto;\"><\/div><\/p>\n<div id=\"videoincontent\" style=\"clear:both\";><\/div>","protected":false},"excerpt":{"rendered":"<p>&#8220;A Messina il controesodo arriva inaspettato come il Natale il 25 dicembre. Ci piacerebbe fosse una battuta, ma \u00e8 l\u2019amara constatazione che migliaia di messinesi e turisti in transito devono fare anche quest\u2019anno di fronte ad una viabilit\u00e0 cittadina che si \u00e8 fatta trovare clamorosamente impreparata a reggere il peso del controesodo. &#8220;A met\u00e0 dello [&hellip;]<\/p>\n","protected":false},"author":4,"featured_media":46673,"comment_status":"closed","ping_status":"closed","sticky":false,"template":"","format":"standard","meta":{"ub_ctt_via":"","_mi_skip_tracking":false},"categories":[5],"tags":[],"featured_image_src":"https:\/\/www.messinaoggi.it\/website\/wp-content\/uploads\/2020\/08\/IMG-20200821-WA0008-1.jpg","author_info":{"display_name":"redme","author_link":"https:\/\/www.messinaoggi.it\/website\/author\/redme\/"},"digistream_id":0,"digistream":false,"_links":{"self":[{"href":"https:\/\/www.messinaoggi.it\/website\/wp-json\/wp\/v2\/posts\/46672"}],"collection":[{"href":"https:\/\/www.messinaoggi.it\/website\/wp-json\/wp\/v2\/posts"}],"about":[{"href":"https:\/\/www.messinaoggi.it\/website\/wp-json\/wp\/v2\/types\/post"}],"author":[{"embeddable":true,"href":"https:\/\/www.messinaoggi.it\/website\/wp-json\/wp\/v2\/users\/4"}],"replies":[{"embeddable":true,"href":"https:\/\/www.messinaoggi.it\/website\/wp-json\/wp\/v2\/comments?post=46672"}],"version-history":[{"count":0,"href":"https:\/\/www.messinaoggi.it\/website\/wp-json\/wp\/v2\/posts\/46672\/revisions"}],"wp:featuredmedia":[{"embeddable":true,"href":"https:\/\/www.messinaoggi.it\/website\/wp-json\/wp\/v2\/media\/46673"}],"wp:attachment":[{"href":"https:\/\/www.messinaoggi.it\/website\/wp-json\/wp\/v2\/media?parent=46672"}],"wp:term":[{"taxonomy":"category","embeddable":true,"href":"https:\/\/www.messinaoggi.it\/website\/wp-json\/wp\/v2\/categories?post=46672"},{"taxonomy":"post_tag","embeddable":true,"href":"https:\/\/www.messinaoggi.it\/website\/wp-json\/wp\/v2\/tags?post=46672"}],"curies":[{"name":"wp","href":"https:\/\/api.w.org\/{rel}","templated":true}]}}