{"id":46612,"date":"2020-08-19T21:00:51","date_gmt":"2020-08-19T19:00:51","guid":{"rendered":"https:\/\/www.messinaoggi.it\/website\/?p=46612"},"modified":"2020-08-19T21:00:51","modified_gmt":"2020-08-19T19:00:51","slug":"scuola-calcio-parte-lopen-day-per-la-scuola-calcio-cus-unime-alla-cittadella-universitaria","status":"publish","type":"post","link":"https:\/\/www.messinaoggi.it\/website\/2020\/08\/19\/scuola-calcio-parte-lopen-day-per-la-scuola-calcio-cus-unime-alla-cittadella-universitaria\/","title":{"rendered":"SCUOLA CALCIO &#8211; Parte l&#039;Open Day per la scuola calcio Cus Unime alla Cittadella Universitaria"},"content":{"rendered":"<h6><em><strong>Tre giorni dedicati a scuola calcio e settore giovanile<\/strong><\/em><\/h6>\n<p> <br \/>\nIl Cus Unime comunica che marted\u00ec 25, mercoled\u00ec 26 e gioved\u00ec 27 agosto al campo sportivo della Cittadella Universitaria dell&#8217;Annunziata si terranno un &#8220;Open Day&#8221; dedicato alla scuola calcio e due stage finalizzati alla selezione di giovani calciatori in vista della prossima stagione sportiva.<br \/>\nPrima giornata, marted\u00ec 25 agosto, riservata dunque ai pi\u00f9 piccoli, nati negli anni dal 2010 al 2016 e appartenenti alle categorie di scuola calcio &#8220;Pulcini&#8221;, &#8220;Primi Calci&#8221; e &#8220;Piccoli Amici&#8221;, che saranno accolti e seguiti dall&#8217;intero staff dirigenziale e tecnico del Cus Unime.<br \/>\nMercoled\u00ec 26 agosto allenatori, preparatori e collaboratori del Cus vedranno all&#8217;opera, invece, gli atleti nati tra il 2006 e il 2009 che andranno a far parte delle categorie &#8220;Esordienti&#8221; e &#8220;Under 15&#8221;.<br \/>\nGioved\u00ec 27 agosto toccher\u00e0, infine, alle classi 2002, 2003, 2004 e 2005 scendere in campo alla Cittadella Universitaria nella giornata conclusiva dedicata alle selezioni Under 17 e Under 19.<br \/>\nGli interessati dovranno presentarsi al campo sportivo alle ore 17.00, accompagnati da un genitore, muniti di certificato medico e liberatoria anti-Covid, oltre che di nullaosta della societ\u00e0 d&#8217;appartenenza qualora fossero gi\u00e0 tesserati.<div id=\"div-gpt-ad-Messinaoggi.it-DSK-300x250-corpoart\" style=\"text-align:center;margin:0 auto;\"><\/div><\/p>\n<div id=\"videoincontent\" style=\"clear:both\";><\/div>","protected":false},"excerpt":{"rendered":"<p>Tre giorni dedicati a scuola calcio e settore giovanile Il Cus Unime comunica che marted\u00ec 25, mercoled\u00ec 26 e gioved\u00ec 27 agosto al campo sportivo della Cittadella Universitaria dell&#8217;Annunziata si terranno un &#8220;Open Day&#8221; dedicato alla scuola calcio e due stage finalizzati alla selezione di giovani calciatori in vista della prossima stagione sportiva. Prima giornata, [&hellip;]<\/p>\n","protected":false},"author":17,"featured_media":46613,"comment_status":"closed","ping_status":"closed","sticky":false,"template":"","format":"standard","meta":{"ub_ctt_via":"","_mi_skip_tracking":false},"categories":[10,9],"tags":[304],"featured_image_src":"https:\/\/www.messinaoggi.it\/website\/wp-content\/uploads\/2020\/08\/opendaystage_cuscalcio2021.jpg","author_info":{"display_name":"Giuseppe Luppino","author_link":"https:\/\/www.messinaoggi.it\/website\/author\/g-luppino\/"},"digistream_id":0,"digistream":false,"_links":{"self":[{"href":"https:\/\/www.messinaoggi.it\/website\/wp-json\/wp\/v2\/posts\/46612"}],"collection":[{"href":"https:\/\/www.messinaoggi.it\/website\/wp-json\/wp\/v2\/posts"}],"about":[{"href":"https:\/\/www.messinaoggi.it\/website\/wp-json\/wp\/v2\/types\/post"}],"author":[{"embeddable":true,"href":"https:\/\/www.messinaoggi.it\/website\/wp-json\/wp\/v2\/users\/17"}],"replies":[{"embeddable":true,"href":"https:\/\/www.messinaoggi.it\/website\/wp-json\/wp\/v2\/comments?post=46612"}],"version-history":[{"count":0,"href":"https:\/\/www.messinaoggi.it\/website\/wp-json\/wp\/v2\/posts\/46612\/revisions"}],"wp:featuredmedia":[{"embeddable":true,"href":"https:\/\/www.messinaoggi.it\/website\/wp-json\/wp\/v2\/media\/46613"}],"wp:attachment":[{"href":"https:\/\/www.messinaoggi.it\/website\/wp-json\/wp\/v2\/media?parent=46612"}],"wp:term":[{"taxonomy":"category","embeddable":true,"href":"https:\/\/www.messinaoggi.it\/website\/wp-json\/wp\/v2\/categories?post=46612"},{"taxonomy":"post_tag","embeddable":true,"href":"https:\/\/www.messinaoggi.it\/website\/wp-json\/wp\/v2\/tags?post=46612"}],"curies":[{"name":"wp","href":"https:\/\/api.w.org\/{rel}","templated":true}]}}