{"id":46600,"date":"2020-08-19T14:00:33","date_gmt":"2020-08-19T12:00:33","guid":{"rendered":"https:\/\/www.messinaoggi.it\/website\/?p=46600"},"modified":"2020-08-19T14:00:33","modified_gmt":"2020-08-19T12:00:33","slug":"calcio-nasce-la-scuola-calcio-camaro-we-sport-alessandro-parisi-sara-coordinatore","status":"publish","type":"post","link":"https:\/\/www.messinaoggi.it\/website\/2020\/08\/19\/calcio-nasce-la-scuola-calcio-camaro-we-sport-alessandro-parisi-sara-coordinatore\/","title":{"rendered":"CALCIO &#8211; Nasce la &quot;Scuola Calcio Camaro-We Sport&quot;, Alessandro Parisi sar\u00e0 coordinatore"},"content":{"rendered":"<h6><em><strong>SSD Camaro comunica la nascita del progetto \u201cScuola Calcio Camaro \u2013 We Sport\u201d a partire dalla stagione 2020\/2021<\/strong><\/em><\/h6>\n<p> <br \/>\nDa sempre attenta al territorio ed allo sviluppo dei giovani talenti locali, la societ\u00e0 neroverde ha deciso di fare un ulteriore passo in avanti con l\u2019obiettivo di diventare un punto di riferimento a 360\u00b0. Da questi presupposti \u00e8 nata l\u2019idea di una scuola calcio unica nel suo genere a livello nazionale.<br \/>\nLa Scuola Calcio Camaro \u2013 We Sport, infatti, sar\u00e0 completamente gratuita ed indirizzata ai nati tra il 2007 ed il 2014. La decisione di non chiedere alcun contributo economico alle famiglie certifica la mission sociale intrapresa dalla societ\u00e0 in vista della prossima stagione. Saranno 100 i primi ragazzi che entreranno a far parte del nuovo corso della famiglia Camaro. I dettagli su come si potr\u00e0 accedere verranno resi noti nei prossimi giorni.<br \/>\nL\u2019intero progetto si basa su delle fondamenta ben solide grazie al contributo di un gruppo di imprenditori locali, l\u2019investimento imprenditoriale ha come unico obiettivo quello di supportare il fine sociale dell\u2019intera iniziativa. Attraverso sponsorizzazioni e contributi economici, la Scuola Calcio Camaro \u2013 We Sport potr\u00e0 garantire un percorso sportivo caratterizzato da professionalit\u00e0 ed esperienza.<br \/>\n<div id=\"attachment_46602\" style=\"width: 521px\" class=\"wp-caption alignright\"><img aria-describedby=\"caption-attachment-46602\" loading=\"lazy\" class=\" wp-image-46602\" src=\"https:\/\/www.messinaoggi.it\/website\/wp-content\/uploads\/2020\/08\/Anteprima-Ale-Parisi-300x169.png\" alt=\"\" width=\"511\" height=\"288\" \/><p id=\"caption-attachment-46602\" class=\"wp-caption-text\">Alessandro Parisi<\/p><\/div><br \/>\n <br \/>\nMa le novit\u00e0 non sono finite qui. Infatti un\u2019idea da Serie A merita un responsabile d\u2019altissimo livello. SSD Camaro \u00e8 lieta di dare il proprio benvenuto ad Alessandro Parisi, un profilo d\u2019eccellenza che ricoprir\u00e0 il ruolo di coordinatore del nuovo progetto. Indimenticato idolo della tifoseria messinese, Parisi ha deciso di mettersi in gioco con grande entusiasmo in prima persona in questo nuovo affascinante percorso. Le riconosciute qualit\u00e0 professionali ed umane hanno spinto SSD Camaro ad individuare in Alessandro Parisi il profilo ideale sul quale costruire le fondamenta di un nuovo progetto vincente.<br \/>\nIn un\u2019ottica di progettualit\u00e0 e crescita futura, inoltre, la societ\u00e0 Camaro \u00e8 a lavoro per creare una collaborazione con un grande club di Serie A.<br \/>\n <div id=\"div-gpt-ad-Messinaoggi.it-DSK-300x250-corpoart\" style=\"text-align:center;margin:0 auto;\"><\/div><\/p>\n<div id=\"videoincontent\" style=\"clear:both\";><\/div>","protected":false},"excerpt":{"rendered":"<p>SSD Camaro comunica la nascita del progetto \u201cScuola Calcio Camaro \u2013 We Sport\u201d a partire dalla stagione 2020\/2021 Da sempre attenta al territorio ed allo sviluppo dei giovani talenti locali, la societ\u00e0 neroverde ha deciso di fare un ulteriore passo in avanti con l\u2019obiettivo di diventare un punto di riferimento a 360\u00b0. Da questi presupposti [&hellip;]<\/p>\n","protected":false},"author":17,"featured_media":46601,"comment_status":"closed","ping_status":"closed","sticky":false,"template":"","format":"standard","meta":{"ub_ctt_via":"","_mi_skip_tracking":false},"categories":[10,9],"tags":[301,302],"featured_image_src":"https:\/\/www.messinaoggi.it\/website\/wp-content\/uploads\/2020\/08\/Un-sogno-per-tutti-FullHD.png","author_info":{"display_name":"Giuseppe Luppino","author_link":"https:\/\/www.messinaoggi.it\/website\/author\/g-luppino\/"},"digistream_id":0,"digistream":false,"_links":{"self":[{"href":"https:\/\/www.messinaoggi.it\/website\/wp-json\/wp\/v2\/posts\/46600"}],"collection":[{"href":"https:\/\/www.messinaoggi.it\/website\/wp-json\/wp\/v2\/posts"}],"about":[{"href":"https:\/\/www.messinaoggi.it\/website\/wp-json\/wp\/v2\/types\/post"}],"author":[{"embeddable":true,"href":"https:\/\/www.messinaoggi.it\/website\/wp-json\/wp\/v2\/users\/17"}],"replies":[{"embeddable":true,"href":"https:\/\/www.messinaoggi.it\/website\/wp-json\/wp\/v2\/comments?post=46600"}],"version-history":[{"count":0,"href":"https:\/\/www.messinaoggi.it\/website\/wp-json\/wp\/v2\/posts\/46600\/revisions"}],"wp:featuredmedia":[{"embeddable":true,"href":"https:\/\/www.messinaoggi.it\/website\/wp-json\/wp\/v2\/media\/46601"}],"wp:attachment":[{"href":"https:\/\/www.messinaoggi.it\/website\/wp-json\/wp\/v2\/media?parent=46600"}],"wp:term":[{"taxonomy":"category","embeddable":true,"href":"https:\/\/www.messinaoggi.it\/website\/wp-json\/wp\/v2\/categories?post=46600"},{"taxonomy":"post_tag","embeddable":true,"href":"https:\/\/www.messinaoggi.it\/website\/wp-json\/wp\/v2\/tags?post=46600"}],"curies":[{"name":"wp","href":"https:\/\/api.w.org\/{rel}","templated":true}]}}