{"id":46598,"date":"2020-08-18T23:23:44","date_gmt":"2020-08-18T21:23:44","guid":{"rendered":"https:\/\/www.messinaoggi.it\/website\/?p=46598"},"modified":"2020-08-18T23:23:44","modified_gmt":"2020-08-18T21:23:44","slug":"giampilieri-fiumefreddo-il-raddoppio-fs-diventa-realta","status":"publish","type":"post","link":"https:\/\/www.messinaoggi.it\/website\/2020\/08\/18\/giampilieri-fiumefreddo-il-raddoppio-fs-diventa-realta\/","title":{"rendered":"Giampilieri-Fiumefreddo, il raddoppio Fs diventa realt\u00e0"},"content":{"rendered":"<p>&#8220;In meno di dieci giorni, a seguito del giudizio di compatibilit\u00e0 dai ministeri dell&#8217;Ambiente e dei Beni culturali, il Governo Musumeci ha completato con un proprio atto deliberativo l&#8217;iter autorizzatorio\u00a0\u00a0del raddoppio ferroviario Messina-Catania, l&#8217;intervento infrastrutturale pi\u00f9 importante che la Sicilia vedr\u00e0 nei prossimi dieci anni.<br \/>\nLa strada verso la gara d&#8217;appalto pu\u00f2 dirsi in discesa, ma non abbasseremo la guardia: con Rfi e l&#8217;ad Maurizio Gentile abbiamo concordato la pubblicazione della gara entro il prossimo mese di settembre&#8221;. Lo afferma l&#8217;assessore alle Infrastrutture della Regione, Marco Falcone, a seguito del delibera della Giunta regionale, presieduta da Nello Musumeci, di chiusura dell&#8217;iter autorizzatorio del raddoppio Giampilieri-Fiumefreddo della linea ferroviaria Messina-Catania.<br \/>\n&#8220;Grazie a questo atto &#8211; prosegue Falcone &#8211; sar\u00e0 possibile chiudere a stretto giro la Conferenza dei servizi che ha raccolto oltre trenta pareri per un&#8217;opera da 42 km, di cui l&#8217;80 per cento in galleria, che creer\u00e0 una linea a doppio binario fra Fiumefreddo e Giampilieri con caratteristiche anche di metropolitana.<br \/>\nIl Governo Musumeci ha il merito di a ver\u00a0\u00a0rianimato l&#8217;iter di appaltabilit\u00e0\u00a0\u00a0di un&#8217;opera da 2,3 miliardi di euro, gi\u00e0 concepita durante il Governo Berlusconi ma che, negli anni seguenti, era stata messa da parte.<br \/>\nDopo anni di interventi non organici &#8211; conclude Falcone &#8211; la Regione siciliana interviene e vigila con una visione organica e globale\u00a0\u00a0del sistema ferroviario dell&#8217;Isola&#8221;.<div id=\"div-gpt-ad-Messinaoggi.it-DSK-300x250-corpoart\" style=\"text-align:center;margin:0 auto;\"><\/div><\/p>\n<div id=\"videoincontent\" style=\"clear:both\";><\/div>","protected":false},"excerpt":{"rendered":"<p>&#8220;In meno di dieci giorni, a seguito del giudizio di compatibilit\u00e0 dai ministeri dell&#8217;Ambiente e dei Beni culturali, il Governo Musumeci ha completato con un proprio atto deliberativo l&#8217;iter autorizzatorio\u00a0\u00a0del raddoppio ferroviario Messina-Catania, l&#8217;intervento infrastrutturale pi\u00f9 importante che la Sicilia vedr\u00e0 nei prossimi dieci anni. La strada verso la gara d&#8217;appalto pu\u00f2 dirsi in discesa, [&hellip;]<\/p>\n","protected":false},"author":4,"featured_media":39004,"comment_status":"closed","ping_status":"closed","sticky":false,"template":"","format":"standard","meta":{"ub_ctt_via":"","_mi_skip_tracking":false},"categories":[6],"tags":[],"featured_image_src":"https:\/\/www.messinaoggi.it\/website\/wp-content\/uploads\/2019\/12\/IMG-20191207-WA0021-1.jpg","author_info":{"display_name":"redme","author_link":"https:\/\/www.messinaoggi.it\/website\/author\/redme\/"},"digistream_id":0,"digistream":false,"_links":{"self":[{"href":"https:\/\/www.messinaoggi.it\/website\/wp-json\/wp\/v2\/posts\/46598"}],"collection":[{"href":"https:\/\/www.messinaoggi.it\/website\/wp-json\/wp\/v2\/posts"}],"about":[{"href":"https:\/\/www.messinaoggi.it\/website\/wp-json\/wp\/v2\/types\/post"}],"author":[{"embeddable":true,"href":"https:\/\/www.messinaoggi.it\/website\/wp-json\/wp\/v2\/users\/4"}],"replies":[{"embeddable":true,"href":"https:\/\/www.messinaoggi.it\/website\/wp-json\/wp\/v2\/comments?post=46598"}],"version-history":[{"count":0,"href":"https:\/\/www.messinaoggi.it\/website\/wp-json\/wp\/v2\/posts\/46598\/revisions"}],"wp:featuredmedia":[{"embeddable":true,"href":"https:\/\/www.messinaoggi.it\/website\/wp-json\/wp\/v2\/media\/39004"}],"wp:attachment":[{"href":"https:\/\/www.messinaoggi.it\/website\/wp-json\/wp\/v2\/media?parent=46598"}],"wp:term":[{"taxonomy":"category","embeddable":true,"href":"https:\/\/www.messinaoggi.it\/website\/wp-json\/wp\/v2\/categories?post=46598"},{"taxonomy":"post_tag","embeddable":true,"href":"https:\/\/www.messinaoggi.it\/website\/wp-json\/wp\/v2\/tags?post=46598"}],"curies":[{"name":"wp","href":"https:\/\/api.w.org\/{rel}","templated":true}]}}