{"id":46500,"date":"2020-08-15T10:08:07","date_gmt":"2020-08-15T08:08:07","guid":{"rendered":"https:\/\/www.messinaoggi.it\/website\/?p=46500"},"modified":"2020-08-15T10:08:07","modified_gmt":"2020-08-15T08:08:07","slug":"ferragosto-senza-vara-non-succedeva-dal-1950","status":"publish","type":"post","link":"https:\/\/www.messinaoggi.it\/website\/2020\/08\/15\/ferragosto-senza-vara-non-succedeva-dal-1950\/","title":{"rendered":"Ferragosto senza Vara, non succedeva dal 1950"},"content":{"rendered":"<p>Una ricorrenza sommessa, incentrata sull\u2019aspetto religioso e sulla riscoperta della tradizione dal punto di visto simbolico e storico. L\u2019edizione 2020 della Vara, rimodulata a causa dell\u2019emergenza sanitaria legata al Covid, \u00e8 gi\u00e0 passata nella storia, visto che per la citt\u00e0 non sfiler\u00e0 la \u201cmachina votiva\u201d che simboleggia l\u2019assunzione della Vergine Maria.<br \/>\nLa processione, interrotta per guerre, terremoti ed epidemie, si svolgeva ininterrottamente dal 1951, dopo che era stata sospesa per la Seconda guerra mondiale.<br \/>\nIl Comitato Vara, grazie alla collaborazione di istituzioni, collezionisti e artisti, ha organizzato diversi eventi per tenere viva l\u2019attenzione nei confronti della pi\u00f9 antica e partecipata manifestazione popolare.<br \/>\nUn amore profondo per la citt\u00e0 e per le sue tradizioni che emerge attraverso l\u2019esposizione, piccola ma di grande pregio, inaugurata luned\u00ec e allestita nella chiesa dei Catalani, messa a disposizione dal rettore, mons. Giuseppe La Speme, e dall\u2019Arciconfraternita dei Catalani. A fornire supporto scientifico l\u2019associazione \u201cAmici del Museo\u201d, con il patrocinio dell\u2019Ufficio diocesano della Pastorale del turismo, tempo libero e sport e del Centro interconfraternale diocesano.<br \/>\n<strong>IL PROGRAMMA DEL 15 AGOSTO<br \/>\n<\/strong><br \/>\n<strong>Ore 9.<\/strong>\u00a0Sparo di colpi a salve per l\u2019inaugurazione della Festa dell\u2019Assunta. ore 17 \u201cTra le corde\u201d. Codici, segnali e tecniche di manovra della Vara raccontate dal Gruppo Storico della Vara e dei Giganti di Messina. In diretta streaming sulla pagina VisitMe \u2013 Messina<br \/>\n<strong>ore 18.<\/strong>\u00a0Sparo Colpi di cannone a salve e moschetteria (in ricordo della partenza della Vara)<br \/>\n<strong>ore 19.<\/strong>\u00a0Basilica Cattedrale. Solenne pontificale presieduto dall\u2019arcivescovo, Mons. Giovanni Accolla, alla presenza delle autorit\u00e0 cittadine civili e militari. Preghiera di affidamento alla Beata Vergine Maria del sindaco di Messina, Cateno De Luca. \u201cOfferta della corda\u201d da parte del sindaco a nome di Tiratori<br \/>\n<strong>ore 21.<\/strong>\u00a0Recita del Santo Rosario<div id=\"div-gpt-ad-Messinaoggi.it-DSK-300x250-corpoart\" style=\"text-align:center;margin:0 auto;\"><\/div><\/p>\n<div id=\"videoincontent\" style=\"clear:both\";><\/div>","protected":false},"excerpt":{"rendered":"<p>Una ricorrenza sommessa, incentrata sull\u2019aspetto religioso e sulla riscoperta della tradizione dal punto di visto simbolico e storico. L\u2019edizione 2020 della Vara, rimodulata a causa dell\u2019emergenza sanitaria legata al Covid, \u00e8 gi\u00e0 passata nella storia, visto che per la citt\u00e0 non sfiler\u00e0 la \u201cmachina votiva\u201d che simboleggia l\u2019assunzione della Vergine Maria. La processione, interrotta per [&hellip;]<\/p>\n","protected":false},"author":4,"featured_media":36114,"comment_status":"closed","ping_status":"closed","sticky":false,"template":"","format":"standard","meta":{"ub_ctt_via":"","_mi_skip_tracking":false},"categories":[16],"tags":[],"featured_image_src":"https:\/\/www.messinaoggi.it\/website\/wp-content\/uploads\/2019\/08\/IMG-20190815-WA0033.jpg","author_info":{"display_name":"redme","author_link":"https:\/\/www.messinaoggi.it\/website\/author\/redme\/"},"digistream_id":0,"digistream":false,"_links":{"self":[{"href":"https:\/\/www.messinaoggi.it\/website\/wp-json\/wp\/v2\/posts\/46500"}],"collection":[{"href":"https:\/\/www.messinaoggi.it\/website\/wp-json\/wp\/v2\/posts"}],"about":[{"href":"https:\/\/www.messinaoggi.it\/website\/wp-json\/wp\/v2\/types\/post"}],"author":[{"embeddable":true,"href":"https:\/\/www.messinaoggi.it\/website\/wp-json\/wp\/v2\/users\/4"}],"replies":[{"embeddable":true,"href":"https:\/\/www.messinaoggi.it\/website\/wp-json\/wp\/v2\/comments?post=46500"}],"version-history":[{"count":0,"href":"https:\/\/www.messinaoggi.it\/website\/wp-json\/wp\/v2\/posts\/46500\/revisions"}],"wp:featuredmedia":[{"embeddable":true,"href":"https:\/\/www.messinaoggi.it\/website\/wp-json\/wp\/v2\/media\/36114"}],"wp:attachment":[{"href":"https:\/\/www.messinaoggi.it\/website\/wp-json\/wp\/v2\/media?parent=46500"}],"wp:term":[{"taxonomy":"category","embeddable":true,"href":"https:\/\/www.messinaoggi.it\/website\/wp-json\/wp\/v2\/categories?post=46500"},{"taxonomy":"post_tag","embeddable":true,"href":"https:\/\/www.messinaoggi.it\/website\/wp-json\/wp\/v2\/tags?post=46500"}],"curies":[{"name":"wp","href":"https:\/\/api.w.org\/{rel}","templated":true}]}}