{"id":4649,"date":"2017-07-12T22:32:56","date_gmt":"2017-07-12T20:32:56","guid":{"rendered":"http:\/\/www.messinaoggi.it\/website\/?p=4649"},"modified":"2017-07-12T22:32:56","modified_gmt":"2017-07-12T20:32:56","slug":"citta-di-messina-torna-ad-aggregarsi-fabrizio-mazzullo","status":"publish","type":"post","link":"https:\/\/www.messinaoggi.it\/website\/2017\/07\/12\/citta-di-messina-torna-ad-aggregarsi-fabrizio-mazzullo\/","title":{"rendered":"Citt\u00e0 di Messina, torna ad aggregarsi Fabrizio Mazzullo"},"content":{"rendered":"<p style=\"text-align: justify\">Si profila un possibile ritorno in casa <strong>Citt\u00e0 di Messina (calcio, Eccellenza)<\/strong>. Dopo un solo anno di assenza, vissuto a Torregrotta (Eccellenza), si aggregher\u00e0 in preparazione (a partire dal 26, giorno d&#8217;inizio sul rettangolo amico del &#8220;Garden Sport&#8221;)\u00a0<strong>\u00a0Fabrizio Mazzullo<\/strong>, centrocampista classe &#8217;93. Star\u00e0 al tecnico Peppe Furnari valutare se il giocatore pu\u00f2 fare al caso dei propri piani tecnico-tattici. &#8220;<em>Intanto ripartir\u00f2 in una societ\u00e0 alla quale sono molto legato <\/em>&#8211; spiega il giocatore -. <em>Poi strada facendo si vedr\u00e0 l&#8217;evolversi della situazione, e cio\u00e8 se posso rientrare nei piani del mister affinch\u00e9 dia il benestare al mio tesseramento. La societ\u00e0 ma anche il direttore generale Cardullo credono molto in me, questo\u00a0rappresenta motivo di stimolo e non voglio deluderli<\/em>&#8220;.<div id=\"div-gpt-ad-Messinaoggi.it-DSK-300x250-corpoart\" style=\"text-align:center;margin:0 auto;\"><\/div><\/p>\n<p style=\"text-align: justify\">Di certo Mazzullo spera di potersi rilanciare in un ambiente a lui molto\u00a0familiare, quello del campo &#8220;Garden Sport&#8221; che l&#8217;ha visto crescere prima con la defunta formazione biancoverde e poi\u00a0nel Citt\u00e0 di Messina, sempre sotto le cure del maestro Nello Basile di cui \u00e8 sempre stato uno dei pupilli. A Mili Marina il &#8220;Papero&#8221; conserva tanti amici, su tutti Giovanni Ginag\u00f2.<div id=\"videoincontent\" style=\"clear:both\";><\/div><\/p>\n<p style=\"text-align: justify\">Quanto all&#8217;esperienza di Torregrotta, conclusasi con un&#8217;amara retrocessione, Fabrizio ha potuto iniziarla solo a stagione inoltrata a causa della lesione a un menisco: &#8220;<em>L&#8217;Eccellenza \u00e8 un campionato molto impegnativo e quando si parte male e difficile raddrizzare le cose. Mi\u00a0\u00e8 dispiaciuto tanto per la societ\u00e0 Torregrotta che ha passione e fa calcio da tanti anni. Posso dire che non ci\u00a0\u00e8 mancato mai niente, dall&#8217;inizio alla fine, nonostante le difficolt\u00e0 che ci sono state.\u00a0 Perci\u00f2 a loro va il mio grazie\u00a0di cuore&#8221;<\/em> .<\/p>\n<p style=\"text-align: justify\">Frattanto &#8220;radiomercato&#8221; dice che, in attesa dell&#8217;ufficializzazione del portiere Dino Bill\u00e8 con cui l&#8217;accordo \u00e8 gi\u00e0 definito,\u00a0il Citt\u00e0 di Messina sta vivendo un momento di apparente stasi nella campagna di rafforzamento, con l&#8217;unica eccezione del fantasista ex Milazzo\u00a0Max Lucarelli col quale sarebbero in corso trattative.<\/p>\n","protected":false},"excerpt":{"rendered":"<p>Si profila un possibile ritorno in casa Citt\u00e0 di Messina (calcio, Eccellenza). Dopo un solo anno di assenza, vissuto a Torregrotta (Eccellenza), si aggregher\u00e0 in preparazione (a partire dal 26, giorno d&#8217;inizio sul rettangolo amico del &#8220;Garden Sport&#8221;)\u00a0\u00a0Fabrizio Mazzullo, centrocampista classe &#8217;93. Star\u00e0 al tecnico Peppe Furnari valutare se il giocatore pu\u00f2 fare al caso [&hellip;]<\/p>\n","protected":false},"author":9,"featured_media":4651,"comment_status":"closed","ping_status":"open","sticky":false,"template":"","format":"standard","meta":{"ub_ctt_via":"","_mi_skip_tracking":false},"categories":[10,9],"tags":[],"featured_image_src":"https:\/\/www.messinaoggi.it\/website\/wp-content\/uploads\/2017\/07\/mazzullo-2.jpg","author_info":{"display_name":"Roberto Santoro","author_link":"https:\/\/www.messinaoggi.it\/website\/author\/r-santoro\/"},"digistream_id":0,"digistream":false,"_links":{"self":[{"href":"https:\/\/www.messinaoggi.it\/website\/wp-json\/wp\/v2\/posts\/4649"}],"collection":[{"href":"https:\/\/www.messinaoggi.it\/website\/wp-json\/wp\/v2\/posts"}],"about":[{"href":"https:\/\/www.messinaoggi.it\/website\/wp-json\/wp\/v2\/types\/post"}],"author":[{"embeddable":true,"href":"https:\/\/www.messinaoggi.it\/website\/wp-json\/wp\/v2\/users\/9"}],"replies":[{"embeddable":true,"href":"https:\/\/www.messinaoggi.it\/website\/wp-json\/wp\/v2\/comments?post=4649"}],"version-history":[{"count":0,"href":"https:\/\/www.messinaoggi.it\/website\/wp-json\/wp\/v2\/posts\/4649\/revisions"}],"wp:featuredmedia":[{"embeddable":true,"href":"https:\/\/www.messinaoggi.it\/website\/wp-json\/wp\/v2\/media\/4651"}],"wp:attachment":[{"href":"https:\/\/www.messinaoggi.it\/website\/wp-json\/wp\/v2\/media?parent=4649"}],"wp:term":[{"taxonomy":"category","embeddable":true,"href":"https:\/\/www.messinaoggi.it\/website\/wp-json\/wp\/v2\/categories?post=4649"},{"taxonomy":"post_tag","embeddable":true,"href":"https:\/\/www.messinaoggi.it\/website\/wp-json\/wp\/v2\/tags?post=4649"}],"curies":[{"name":"wp","href":"https:\/\/api.w.org\/{rel}","templated":true}]}}