{"id":46266,"date":"2020-08-07T16:02:28","date_gmt":"2020-08-07T14:02:28","guid":{"rendered":"https:\/\/www.messinaoggi.it\/website\/?p=46266"},"modified":"2020-08-07T16:02:28","modified_gmt":"2020-08-07T14:02:28","slug":"paziente-trasferito-da-lipari-la-paglia-vuole-vederci-chiaro","status":"publish","type":"post","link":"https:\/\/www.messinaoggi.it\/website\/2020\/08\/07\/paziente-trasferito-da-lipari-la-paglia-vuole-vederci-chiaro\/","title":{"rendered":"Paziente trasferito da Lipari, La Paglia vuole vederci chiaro"},"content":{"rendered":"<div>&#8220;Apprendo dagli organi di informazione del trasferimento in elicottero di un cittadino eoliano, dopo l&#8217;assistenza prestata presso l&#8217;ospedale di Lipari.<\/div>\n<div>Ritengo che ci siano alcuni aspetti da chiarire relativi alle procedure adottate in ospedale ed al successivo trasferimento in altro ospedale&#8221;: cos\u00ec il direttore generale dell&#8217;Asp di Messina, Paolo La Paglia.<\/div>\n<div><\/div>\n<div>&#8220;Luned\u00ec verr\u00e0 avviata un&#8217;indagine interna per valutare tutti gli aspetti della vicenda e sar\u00e0 nominata una commissione tecnica che accerter\u00e0 i fatti, ai fini di eventuali provvedimenti conseguenziali&#8221;.<\/div>\n<div id=\"div-gpt-ad-Messinaoggi.it-DSK-300x250-corpoart\" style=\"text-align:center;margin:0 auto;\"><\/div><\/p><div id=\"videoincontent\" style=\"clear:both\";><\/div>","protected":false},"excerpt":{"rendered":"<p>&#8220;Apprendo dagli organi di informazione del trasferimento in elicottero di un cittadino eoliano, dopo l&#8217;assistenza prestata presso l&#8217;ospedale di Lipari. Ritengo che ci siano alcuni aspetti da chiarire relativi alle procedure adottate in ospedale ed al successivo trasferimento in altro ospedale&#8221;: cos\u00ec il direttore generale dell&#8217;Asp di Messina, Paolo La Paglia. &#8220;Luned\u00ec verr\u00e0 avviata un&#8217;indagine [&hellip;]<\/p>\n","protected":false},"author":4,"featured_media":22408,"comment_status":"closed","ping_status":"closed","sticky":false,"template":"","format":"standard","meta":{"ub_ctt_via":"","_mi_skip_tracking":false},"categories":[13,14],"tags":[],"featured_image_src":"https:\/\/www.messinaoggi.it\/website\/wp-content\/uploads\/2018\/07\/lipari-ingresso-ospedale-1.jpg","author_info":{"display_name":"redme","author_link":"https:\/\/www.messinaoggi.it\/website\/author\/redme\/"},"digistream_id":0,"digistream":false,"_links":{"self":[{"href":"https:\/\/www.messinaoggi.it\/website\/wp-json\/wp\/v2\/posts\/46266"}],"collection":[{"href":"https:\/\/www.messinaoggi.it\/website\/wp-json\/wp\/v2\/posts"}],"about":[{"href":"https:\/\/www.messinaoggi.it\/website\/wp-json\/wp\/v2\/types\/post"}],"author":[{"embeddable":true,"href":"https:\/\/www.messinaoggi.it\/website\/wp-json\/wp\/v2\/users\/4"}],"replies":[{"embeddable":true,"href":"https:\/\/www.messinaoggi.it\/website\/wp-json\/wp\/v2\/comments?post=46266"}],"version-history":[{"count":0,"href":"https:\/\/www.messinaoggi.it\/website\/wp-json\/wp\/v2\/posts\/46266\/revisions"}],"wp:featuredmedia":[{"embeddable":true,"href":"https:\/\/www.messinaoggi.it\/website\/wp-json\/wp\/v2\/media\/22408"}],"wp:attachment":[{"href":"https:\/\/www.messinaoggi.it\/website\/wp-json\/wp\/v2\/media?parent=46266"}],"wp:term":[{"taxonomy":"category","embeddable":true,"href":"https:\/\/www.messinaoggi.it\/website\/wp-json\/wp\/v2\/categories?post=46266"},{"taxonomy":"post_tag","embeddable":true,"href":"https:\/\/www.messinaoggi.it\/website\/wp-json\/wp\/v2\/tags?post=46266"}],"curies":[{"name":"wp","href":"https:\/\/api.w.org\/{rel}","templated":true}]}}