{"id":46251,"date":"2020-08-07T11:02:31","date_gmt":"2020-08-07T09:02:31","guid":{"rendered":"https:\/\/www.messinaoggi.it\/website\/?p=46251"},"modified":"2020-08-07T11:02:31","modified_gmt":"2020-08-07T09:02:31","slug":"vara-cannistra_-scontro-in-commissione-cultura-una-brutta-pagina-per-messina","status":"publish","type":"post","link":"https:\/\/www.messinaoggi.it\/website\/2020\/08\/07\/vara-cannistra_-scontro-in-commissione-cultura-una-brutta-pagina-per-messina\/","title":{"rendered":"Vara, Cannistr\u00e0: &quot;Scontro in Commissione cultura, una brutta pagina per Messina&quot;"},"content":{"rendered":"<p style=\"font-weight: 400;\">&#8220;Quanto accaduto in Commissione Cultura rappresenta una brutta pagina per la nostra citt\u00e0.\u00a0 Lo screzio fra uno dei rappresentanti del\u00a0<strong>Comitato storico Vara<\/strong>, Franz Riccobono l\u2019assessore alla Cultura\u00a0<strong>Enzo Caruso<\/strong>\u00a0\u00e8 l\u2019epilogo di una situazione molto tesa che si trascina da settimane.\u00a0L\u2019amministrazione gi\u00e0 da tempo ha deciso di non dialogare pi\u00f9 con il Comitato e avevo promosso questo incontro in Commissione Cultura per trovare un punto di accordo, visto che negli anni l\u2019organizzazione della Vara ha sempre funzionato a prescindere dalle varie Giunte che si sono susseguite negli anni&#8221;.<div id=\"div-gpt-ad-Messinaoggi.it-DSK-300x250-corpoart\" style=\"text-align:center;margin:0 auto;\"><\/div><\/p>\n<p>Lo afferma la consigliera del M5S, <strong>Cristina Cannistr\u00e0<\/strong>.<div id=\"videoincontent\" style=\"clear:both\";><\/div><\/p>\n<p style=\"font-weight: 400;\">L\u2019obiettivo di questo incontro era quello di ricucire questo inspiegabile strappo ed ascoltare le proposte del Comitato Vara per realizzare alcuni eventi collaterali, vista l\u2019impossibilit\u00e0 di organizzare la tradizionale processione del 15 agosto. In particolare, era stato chiesto di coniare una moneta, installare dei gagliardetti nel percorso dell\u2019Assunta, preparare un cartellone e mettere in esposizione in alcuni spazi di Palazzo Zanca i pezzi della macchina votiva. Inoltre, in Commissione ho fatto presente che il Circolo Filatelico Peloritano chiede di inviare una lettera al Ministero dello Sviluppo Economico affinch\u00e8 si possa fare un francobollo in onore della Vara e dei Giganti di Messina.<\/p>\n<p style=\"font-weight: 400;\">L\u2019amministrazione comunale, purtroppo, non ha voluto dare risposte concrete a queste proposte che potevano simbolicamente dare un bel segnale, pur in mancanza della processione, come del resto \u00e8 stato gi\u00e0 fatto in tante altre citt\u00e0 in questo periodo\u201d, aggiunge la consigliera comunale del MoVimento 5 Stelle, <strong>Cristina Cannistr\u00e0.<\/strong><\/p>\n<p style=\"font-weight: 400;\">\u201cE\u2019 importante sottolineare che l\u2019Assessorato alla Cultura, per\u00f2, sta contestualmente organizzando senza alcun intoppo l\u2019evento dello sbarco di Don Giovanni d\u2019Austria, investendo fondi per oltre 9 mila euro. Questo suscita molte perplessit\u00e0 vista l\u2019evidente\u00a0<strong><em>disparit\u00e0 di trattamento<\/em><\/strong> fra le due manifestazioni. E\u2019 facile da comprendere il perch\u00e9, visto che il Presidente dell\u2019Associazione promotrice \u00e8 stato fino a qualche tempo fa proprio l\u2019attuale assessore Caruso. Bisogna assolutamente chiarire questa vicenda.\u00a0 La situazione che si \u00e8 venuta a creare tra l\u2019amministrazione, che decide di alzare un muro al dialogo e confronto, e il comitato non fanno bene alla citt\u00e0, ricordando che questo evento ha l\u2019obiettivo di unire i messinesi attorno alle nostre tradizioni ed \u00e8 un momento di aggregazione che richiama molti spettatori, bene sarebbe avviare attivit\u00e0 alternative. La citt\u00e0 ha bisogno di serenit\u00e0 e unit\u00e0\u201d, conclude la consigliera comunale <strong>Cristina Cannistr\u00e0<\/strong>.<\/p>\n","protected":false},"excerpt":{"rendered":"<p>&#8220;Quanto accaduto in Commissione Cultura rappresenta una brutta pagina per la nostra citt\u00e0.\u00a0 Lo screzio fra uno dei rappresentanti del\u00a0Comitato storico Vara, Franz Riccobono l\u2019assessore alla Cultura\u00a0Enzo Caruso\u00a0\u00e8 l\u2019epilogo di una situazione molto tesa che si trascina da settimane.\u00a0L\u2019amministrazione gi\u00e0 da tempo ha deciso di non dialogare pi\u00f9 con il Comitato e avevo promosso questo [&hellip;]<\/p>\n","protected":false},"author":2,"featured_media":36115,"comment_status":"closed","ping_status":"closed","sticky":false,"template":"","format":"standard","meta":{"ub_ctt_via":"","_mi_skip_tracking":false},"categories":[4],"tags":[],"featured_image_src":"https:\/\/www.messinaoggi.it\/website\/wp-content\/uploads\/2019\/08\/IMG-20190815-WA0034.jpg","author_info":{"display_name":"Redazione","author_link":"https:\/\/www.messinaoggi.it\/website\/author\/redazione\/"},"digistream_id":0,"digistream":false,"_links":{"self":[{"href":"https:\/\/www.messinaoggi.it\/website\/wp-json\/wp\/v2\/posts\/46251"}],"collection":[{"href":"https:\/\/www.messinaoggi.it\/website\/wp-json\/wp\/v2\/posts"}],"about":[{"href":"https:\/\/www.messinaoggi.it\/website\/wp-json\/wp\/v2\/types\/post"}],"author":[{"embeddable":true,"href":"https:\/\/www.messinaoggi.it\/website\/wp-json\/wp\/v2\/users\/2"}],"replies":[{"embeddable":true,"href":"https:\/\/www.messinaoggi.it\/website\/wp-json\/wp\/v2\/comments?post=46251"}],"version-history":[{"count":0,"href":"https:\/\/www.messinaoggi.it\/website\/wp-json\/wp\/v2\/posts\/46251\/revisions"}],"wp:featuredmedia":[{"embeddable":true,"href":"https:\/\/www.messinaoggi.it\/website\/wp-json\/wp\/v2\/media\/36115"}],"wp:attachment":[{"href":"https:\/\/www.messinaoggi.it\/website\/wp-json\/wp\/v2\/media?parent=46251"}],"wp:term":[{"taxonomy":"category","embeddable":true,"href":"https:\/\/www.messinaoggi.it\/website\/wp-json\/wp\/v2\/categories?post=46251"},{"taxonomy":"post_tag","embeddable":true,"href":"https:\/\/www.messinaoggi.it\/website\/wp-json\/wp\/v2\/tags?post=46251"}],"curies":[{"name":"wp","href":"https:\/\/api.w.org\/{rel}","templated":true}]}}