{"id":46249,"date":"2020-08-07T10:58:06","date_gmt":"2020-08-07T08:58:06","guid":{"rendered":"https:\/\/www.messinaoggi.it\/website\/?p=46249"},"modified":"2020-08-07T10:58:06","modified_gmt":"2020-08-07T08:58:06","slug":"tratte-sociali-catalfamo-lega-il-governo-si-sveglia","status":"publish","type":"post","link":"https:\/\/www.messinaoggi.it\/website\/2020\/08\/07\/tratte-sociali-catalfamo-lega-il-governo-si-sveglia\/","title":{"rendered":"Tratte sociali, Catalfamo (Lega): &quot;Il governo si sveglia&quot;"},"content":{"rendered":"<div dir=\"auto\">&#8220;Siamo lieti che il nostro intervento per sbloccare i fondi per le tratte aeree cosiddette &#8220;sociali&#8221; sia servito a smuovere le acque e destare il Governo nazionale dal proprio torpore.<\/div>\n<div dir=\"auto\">Vigileremo perch\u00e9 l&#8217;annuncio del viceministro Cancelleri sull&#8217;avvio delle tratte a settembre si trasformi in realt\u00e0 dei fatti e non resti lettera morta.<\/div>\n<div dir=\"auto\">Resta in ogni caso l&#8217;amarezza per i danni causati ai siciliani dalla mancata rapida attuazione della finanziaria nazionale, perch\u00e9 mai come ora vi \u00e8 la necessit\u00e0 di interventi rapidi e concreti che compensino gli oggettivi svantaggi della nostra condizione di insularit\u00e0.&#8221;<\/div>\n<div dir=\"auto\"><\/div>\n<div dir=\"auto\">Lo dichiara Antonio Catalfamo, capogruppo della Lega all&#8217;assemblea regionale siciliana, dopo che ieri aveva annunciato una interrogazione parlamentare per denunciare la mancata attuazione della norma nazionale che ha stanziato 25 mln di euro per contribuire ad abbattere i costi dei voli da e per la Sicilia per i residenti.<\/div>\n<div id=\"div-gpt-ad-Messinaoggi.it-DSK-300x250-corpoart\" style=\"text-align:center;margin:0 auto;\"><\/div><\/p><div id=\"videoincontent\" style=\"clear:both\";><\/div>","protected":false},"excerpt":{"rendered":"<p>&#8220;Siamo lieti che il nostro intervento per sbloccare i fondi per le tratte aeree cosiddette &#8220;sociali&#8221; sia servito a smuovere le acque e destare il Governo nazionale dal proprio torpore. Vigileremo perch\u00e9 l&#8217;annuncio del viceministro Cancelleri sull&#8217;avvio delle tratte a settembre si trasformi in realt\u00e0 dei fatti e non resti lettera morta. Resta in ogni [&hellip;]<\/p>\n","protected":false},"author":2,"featured_media":16269,"comment_status":"closed","ping_status":"closed","sticky":false,"template":"","format":"standard","meta":{"ub_ctt_via":"","_mi_skip_tracking":false},"categories":[11],"tags":[],"featured_image_src":"https:\/\/www.messinaoggi.it\/website\/wp-content\/uploads\/2018\/02\/28168840_10204387129515251_593918379327852548_n-1.jpg","author_info":{"display_name":"Redazione","author_link":"https:\/\/www.messinaoggi.it\/website\/author\/redazione\/"},"digistream_id":0,"digistream":false,"_links":{"self":[{"href":"https:\/\/www.messinaoggi.it\/website\/wp-json\/wp\/v2\/posts\/46249"}],"collection":[{"href":"https:\/\/www.messinaoggi.it\/website\/wp-json\/wp\/v2\/posts"}],"about":[{"href":"https:\/\/www.messinaoggi.it\/website\/wp-json\/wp\/v2\/types\/post"}],"author":[{"embeddable":true,"href":"https:\/\/www.messinaoggi.it\/website\/wp-json\/wp\/v2\/users\/2"}],"replies":[{"embeddable":true,"href":"https:\/\/www.messinaoggi.it\/website\/wp-json\/wp\/v2\/comments?post=46249"}],"version-history":[{"count":0,"href":"https:\/\/www.messinaoggi.it\/website\/wp-json\/wp\/v2\/posts\/46249\/revisions"}],"wp:featuredmedia":[{"embeddable":true,"href":"https:\/\/www.messinaoggi.it\/website\/wp-json\/wp\/v2\/media\/16269"}],"wp:attachment":[{"href":"https:\/\/www.messinaoggi.it\/website\/wp-json\/wp\/v2\/media?parent=46249"}],"wp:term":[{"taxonomy":"category","embeddable":true,"href":"https:\/\/www.messinaoggi.it\/website\/wp-json\/wp\/v2\/categories?post=46249"},{"taxonomy":"post_tag","embeddable":true,"href":"https:\/\/www.messinaoggi.it\/website\/wp-json\/wp\/v2\/tags?post=46249"}],"curies":[{"name":"wp","href":"https:\/\/api.w.org\/{rel}","templated":true}]}}