{"id":46232,"date":"2020-08-07T07:30:28","date_gmt":"2020-08-07T05:30:28","guid":{"rendered":"https:\/\/www.messinaoggi.it\/website\/?p=46232"},"modified":"2020-08-07T07:30:28","modified_gmt":"2020-08-07T05:30:28","slug":"rally-del-tirreno-tanti-pretendenti-al-successo-assoluto-e-di-classe","status":"publish","type":"post","link":"https:\/\/www.messinaoggi.it\/website\/2020\/08\/07\/rally-del-tirreno-tanti-pretendenti-al-successo-assoluto-e-di-classe\/","title":{"rendered":"RALLY DEL TIRRENO &#8211; Tanti pretendenti al successo assoluto e di classe"},"content":{"rendered":"<p style=\"text-align: justify\">La 17\u00b0 edizione del Rally del Tirreno e la 4\u00b0 del Tirreno Historic Rally si preannunciano ricche di sfide. Le attuali normative no permettono la presenza del pubblico, per questa ragione gli organizzatori hanno rinforzato il flusso di informazioni disponibili e ogni fase della competizione potr\u00e0 essere seguita in streaming sulla pagina facebook del Rally del Tirreno e<br \/>\nsul sito www.rallydeltirreno.com.<div id=\"div-gpt-ad-Messinaoggi.it-DSK-300x250-corpoart\" style=\"text-align:center;margin:0 auto;\"><\/div><\/p>\n<p style=\"text-align: justify\">Dalla classifica assoluta a quella di ciascuna categoria i pronostici sono assai difficili. La gara alle porte di Messina dell\u20198 e 9 agosto organizzata da Top Competiton apre la caccia ai punti di Coppa<br \/>\nRally di 8^ Zona con coefficiente di moltiplicazione del punteggio 1,5 e Trofeo Rally Sicilia con coefficiente 2,5; TRZ storico (Trofeo Rally di Zona) per la 4^ Zona, entrambe le gare con validit\u00e0<br \/>\nper il Campionato Siciliano a coefficiente 1,5.<div id=\"videoincontent\" style=\"clear:both\";><\/div><\/p>\n<p style=\"text-align: justify\">Due equipaggi palermitani sulle auto di classe R5: Alessio Profeta e Sergio Raccuia sulla Skoda Fabia della Island Motorsport , secondi al Tirreno nel 2019 e reduci dal 9\u00b0 posto al Rally di Roma<br \/>\nCapitale; Ernesto Riolo, il giovane palermitano di Cerda e figlio d\u2019arte che sulla Peugeot 208 ha scelto Gianfranco Rappa alle note, gi\u00e0 vincitore nel 2017 e 2019, con l\u2019esperto Tot\u00f2 Riolo senior.<br \/>\nSempre tra le auto a trazione integrale, ma in classe N4 ci sar\u00e0 con giustificate ambizioni da pilota esperto il messinese Angelo Di Dio in coppia con Antonio Marino sulla Mitsubishi EVO X.<br \/>\nLuci della ribalta per le Renault Clio Super 1600 di Carmelo Molica e Carmen Grandi, il sempre competitivo driver di Gioiosa Marea e la co &#8211; driver laziale, portacolori del Sumbeam M Sport e<br \/>\nquella di Giovani Celesti e Luigi Aliberto in forze al Team Phoenix. Due le Clio R3 di Angelo Bruno e Maurzio Giacobbe giovane equipaggio messinese in gara sempre per i colori della Phoenix,<br \/>\nmentre i locali Andrea Nastasi navigato da Graziella Rappazzo, per l\u2019Asd Team del Mago.<\/p>\n<p style=\"text-align: justify\">Prover\u00e0 a ripetere il successo all\u2019esordio del 2019 in classe R2b il cefaludese Antonio Damiani coadiuvato dall\u2019eclettico concittadino Giuseppe Li Vecchi su Peugeot 208; stessa vettura per il<br \/>\ncompetitivo pattese Alessandro Scalia, navigato da Davide Masotto, mentre con la Renault Twingo prover\u00e0 a contrastarli il duo palermitano palermitano Giovanni Barreca e nello Carnevale.<br \/>\nAffollata la classe A7 di equipaggi in grado di ben figurare nella Top ten. Fra questi gli agrigentini veterani della serie siciliana Nazareno Pellitteri e Michele Lo Monaco su Renault Clio, tutti<br \/>\nmessinesi Giuseppe Munaf\u00f2 &#8211; Francesco Galip\u00f2, Andrea Cariolo &#8211; Pietro Arena entrambi equipaggi su Renault Clio, nonch\u00e9 i giovanissimi Gabriele Pandolfino e Andrea Traviasu Peugeot 306<br \/>\nportacolori Nebrodi Sport.<\/p>\n<p style=\"text-align: justify\">Alta pressione anche in classe N3 con Giovanni Catania esperto e pungente pattese della CST Sport alla guida della Renault Clio, stessa auto per Maurizio Rizzo, che gioca in casa, come il<br \/>\nmilazzese Franco Alibrando. Al volante di una Peugeot 206 della Ro Racing sar\u00e0 Paolo Celi gi\u00e0 detentore di un titolo regionale. In classe K10 spiccano i nomi dei messinesi Antonino Armaleo al via su Citroen Sax\u00f2 e Enrico Briguglio su Peugeot 106. Stesse vetture francesi ma di classe A6 rispettivamente per Paolino il santateresino Fragale ed il nebroideo Salvatore Pio Scanella.<\/p>\n<p>Per quanto riguarda la Racing Start ci saranno in classe 2000 Alessio Pandolfino navigato da Davide Velardi su Peugeot 206, e in 1600 sempre su Peugeot il forte \u201cslalomista\u201d Giovanni Greco<br \/>\nin coppia Antonino Bongiovanni. Contano sul potenziale della Citroen, Giuseppe Span\u00f2 su una C2 con al suo fianco il sempre pi\u00f9 esperto Lorenzo Sarlo e con una Saxo l\u2019inossidabile locale Antonio<br \/>\nBertuccio coadiuvato da Giuseppe Lisa, tutti equipaggi peloritani.<\/p>\n<p style=\"text-align: justify\">Forte e combattuta la classe N2 dove a primeggiare sono sempre le Peugeot 106 con i piloti della costa ionica Roberto Mignani, Vittorio Tam\u00e0, il giovanissimo esordiente Antonino Casablanca,<br \/>\nmentre punta ai punti delle serie di zona e regionali il nisseno Salvatore Farina. Sar\u00e0 una notte ad alta tensione anche per il 4\u00b0 Trirreno Historic Rally.<br \/>\nIn 2\u00b0 Raggruppamento Giovanni Spinnato e Fabio Mellina su Porsche 911 nei colori Island Motorsport, sono pronti a bissare il successo del 2019. Sempre con le Porsche 911 ma in 3\u00b0<br \/>\nraggruppamento sar\u00e0 bagarre fra i corleonesi della Project Team Antonio Di Lorenzo e Franco Cardella, gi\u00e0 sul podio assoluto nella passata edizione, il giovanissimo madonita Pierluigi Fullone ,<br \/>\nesordiente sulla super car di Stoccarda, insieme all\u2019instancabile Alessandro Failla dell\u2019Island motorsport e l\u2019agrigentino Pietro Tirone in coppia con il palermitano Giacomo Giannone sotto le<br \/>\ninsegne del Team Bassano.<\/p>\n<p style=\"text-align: justify\">Protagonista del 4\u00b0 Raggruppamento sar\u00e0 il cefaludese tricolore Angelo Lombardo, che sulla fidata Porsche portacolori RO-Racing, sar\u00e0 navigato da Ratnayake Harshana, coequipier dello Sri Lanka. Stesso raggruppamento per la piccola Opel Kadett della Project team con alla guida l\u2019esperto alcamese Francesco Ospedale In 1\u00b0raggruppamento il palermitano Angelo Diana sar\u00e0 alla guida della BMW 2002 navigato da Giuseppe Di Salvo.<\/p>\n<p style=\"text-align: justify\">Oggi, venerd\u00ec 7 agosto, gli equipaggi potranno effettuare le ricognizioni dell\u2019intero percorso di gara comprese le prove speciali, solo con auto di serie e nel pieno rispetto del codice della strada,<br \/>\nsotto l\u2019attenta vigilanza dei Commissari di Percorso. Sabato 8 agosto il completamento delle operazioni preliminari presso il \u201c Tirreno Village\u201d a Villafranca Tirrena, che sar\u00e0 sede ella partenza,<br \/>\ndel traguardo dei riordini e dei parchi assistenza, oltre che del Centro servizi. Lo start della competizione alle 24 di sabato 8 agosto, alla volta di 6 PS, 3 riordini e 2 parchi assistenza, prima<br \/>\ndel traguardo finale alle 8.30 di domenica 9 agosto.<\/p>\n","protected":false},"excerpt":{"rendered":"<p>La 17\u00b0 edizione del Rally del Tirreno e la 4\u00b0 del Tirreno Historic Rally si preannunciano ricche di sfide. Le attuali normative no permettono la presenza del pubblico, per questa ragione gli organizzatori hanno rinforzato il flusso di informazioni disponibili e ogni fase della competizione potr\u00e0 essere seguita in streaming sulla pagina facebook del Rally [&hellip;]<\/p>\n","protected":false},"author":17,"featured_media":46233,"comment_status":"closed","ping_status":"closed","sticky":false,"template":"","format":"standard","meta":{"ub_ctt_via":"","_mi_skip_tracking":false},"categories":[8,9],"tags":[267],"featured_image_src":"https:\/\/www.messinaoggi.it\/website\/wp-content\/uploads\/2020\/08\/Bruno.jpg","author_info":{"display_name":"Giuseppe Luppino","author_link":"https:\/\/www.messinaoggi.it\/website\/author\/g-luppino\/"},"digistream_id":0,"digistream":false,"_links":{"self":[{"href":"https:\/\/www.messinaoggi.it\/website\/wp-json\/wp\/v2\/posts\/46232"}],"collection":[{"href":"https:\/\/www.messinaoggi.it\/website\/wp-json\/wp\/v2\/posts"}],"about":[{"href":"https:\/\/www.messinaoggi.it\/website\/wp-json\/wp\/v2\/types\/post"}],"author":[{"embeddable":true,"href":"https:\/\/www.messinaoggi.it\/website\/wp-json\/wp\/v2\/users\/17"}],"replies":[{"embeddable":true,"href":"https:\/\/www.messinaoggi.it\/website\/wp-json\/wp\/v2\/comments?post=46232"}],"version-history":[{"count":0,"href":"https:\/\/www.messinaoggi.it\/website\/wp-json\/wp\/v2\/posts\/46232\/revisions"}],"wp:featuredmedia":[{"embeddable":true,"href":"https:\/\/www.messinaoggi.it\/website\/wp-json\/wp\/v2\/media\/46233"}],"wp:attachment":[{"href":"https:\/\/www.messinaoggi.it\/website\/wp-json\/wp\/v2\/media?parent=46232"}],"wp:term":[{"taxonomy":"category","embeddable":true,"href":"https:\/\/www.messinaoggi.it\/website\/wp-json\/wp\/v2\/categories?post=46232"},{"taxonomy":"post_tag","embeddable":true,"href":"https:\/\/www.messinaoggi.it\/website\/wp-json\/wp\/v2\/tags?post=46232"}],"curies":[{"name":"wp","href":"https:\/\/api.w.org\/{rel}","templated":true}]}}