{"id":4622,"date":"2017-07-12T16:44:11","date_gmt":"2017-07-12T14:44:11","guid":{"rendered":"http:\/\/www.messinaoggi.it\/website\/?p=4622"},"modified":"2017-07-12T16:44:11","modified_gmt":"2017-07-12T14:44:11","slug":"proto-e-la-fiaba-del-pifferaio-magico-leggetela","status":"publish","type":"post","link":"https:\/\/www.messinaoggi.it\/website\/2017\/07\/12\/proto-e-la-fiaba-del-pifferaio-magico-leggetela\/","title":{"rendered":"Proto e la fiaba del &quot;Pifferaio Magico&quot; (leggetela!)"},"content":{"rendered":"<p>Aveva promesso la normalit\u00e0 rispetto al passato. Franco Proto fino ad oggi ha indossato i panni del pifferaio magico che continua a zufolare nella speranza di incantare tifosi e giornalisti. A proposito per chi non l\u2019avesse fatto, vi invitiamo a leggere la fiaba del \u201cPifferaio magico\u201d e troverete tantissimi analogie con le vicende dell\u2019Acr Messina.<br \/>\nIl presidente \u201csenza portafoglio\u201d (nel senso che non ha adeguata capacit\u00e0 economica), continua a professare ottimismo. Poi quando si rende conto che la piazza comincia ad aprire gli occhi, inizia a zufolare trovando sponda in qualche \u201cblog\u201d che sta utilizzando a suo piacimento. C\u2019\u00e8 poi Fb, straordinario strumento che gli ascari di Proto utilizzano sotto \u201cmentite spoglie\u201d, o \u201cfake\u201d, per propalare ingannevolmente notizie sulla regolarit\u00e0 di operazioni in corso.<br \/>\nA parte l\u2019ottimismo, il Messina ha gi\u00e0 un piede fuori dalla LegaPro per il mancato rispetto di numerosi adempimenti. Forse ci sar\u00e0 il miracolo in sede di ricorso e comprendo i tifosi che si aggrappano alle speranze, ma ci\u00f2 che non pu\u00f2 fare dormire sonni tranquilli \u00e8 il futuro dell\u2019Acr Messina. Con quali prospettive (ovvero schei), si pensa di affrontare la prossima stagione sportiva?<br \/>\nA questa domanda Proto non risponde. Forse perch\u00e9 gi\u00e0 conosce l\u2019epilogo della fiaba del \u201cPifferaio magico\u201d?<br \/>\n<strong>Ps.: A che punto sono i lavori del Celeste di cui qualche organo d&#8217;informazione autorevole ha dato notizia nei giorni scorsi?<\/strong><div id=\"div-gpt-ad-Messinaoggi.it-DSK-300x250-corpoart\" style=\"text-align:center;margin:0 auto;\"><\/div><\/p>\n<div id=\"videoincontent\" style=\"clear:both\";><\/div>","protected":false},"excerpt":{"rendered":"<p>Aveva promesso la normalit\u00e0 rispetto al passato. Franco Proto fino ad oggi ha indossato i panni del pifferaio magico che continua a zufolare nella speranza di incantare tifosi e giornalisti. A proposito per chi non l\u2019avesse fatto, vi invitiamo a leggere la fiaba del \u201cPifferaio magico\u201d e troverete tantissimi analogie con le vicende dell\u2019Acr Messina. [&hellip;]<\/p>\n","protected":false},"author":2,"featured_media":1230,"comment_status":"closed","ping_status":"open","sticky":false,"template":"","format":"standard","meta":{"ub_ctt_via":"","_mi_skip_tracking":false},"categories":[10,6,9],"tags":[],"featured_image_src":"https:\/\/www.messinaoggi.it\/website\/wp-content\/uploads\/2017\/06\/Stadio-Celeste-3.jpg","author_info":{"display_name":"Redazione","author_link":"https:\/\/www.messinaoggi.it\/website\/author\/redazione\/"},"digistream_id":0,"digistream":false,"_links":{"self":[{"href":"https:\/\/www.messinaoggi.it\/website\/wp-json\/wp\/v2\/posts\/4622"}],"collection":[{"href":"https:\/\/www.messinaoggi.it\/website\/wp-json\/wp\/v2\/posts"}],"about":[{"href":"https:\/\/www.messinaoggi.it\/website\/wp-json\/wp\/v2\/types\/post"}],"author":[{"embeddable":true,"href":"https:\/\/www.messinaoggi.it\/website\/wp-json\/wp\/v2\/users\/2"}],"replies":[{"embeddable":true,"href":"https:\/\/www.messinaoggi.it\/website\/wp-json\/wp\/v2\/comments?post=4622"}],"version-history":[{"count":0,"href":"https:\/\/www.messinaoggi.it\/website\/wp-json\/wp\/v2\/posts\/4622\/revisions"}],"wp:featuredmedia":[{"embeddable":true,"href":"https:\/\/www.messinaoggi.it\/website\/wp-json\/wp\/v2\/media\/1230"}],"wp:attachment":[{"href":"https:\/\/www.messinaoggi.it\/website\/wp-json\/wp\/v2\/media?parent=4622"}],"wp:term":[{"taxonomy":"category","embeddable":true,"href":"https:\/\/www.messinaoggi.it\/website\/wp-json\/wp\/v2\/categories?post=4622"},{"taxonomy":"post_tag","embeddable":true,"href":"https:\/\/www.messinaoggi.it\/website\/wp-json\/wp\/v2\/tags?post=4622"}],"curies":[{"name":"wp","href":"https:\/\/api.w.org\/{rel}","templated":true}]}}