{"id":46124,"date":"2020-08-04T11:05:34","date_gmt":"2020-08-04T09:05:34","guid":{"rendered":"https:\/\/www.messinaoggi.it\/website\/?p=46124"},"modified":"2020-08-04T11:05:34","modified_gmt":"2020-08-04T09:05:34","slug":"esenzione-canoni-alloggi-popolari-gioveni-a-quando-la-delibera","status":"publish","type":"post","link":"https:\/\/www.messinaoggi.it\/website\/2020\/08\/04\/esenzione-canoni-alloggi-popolari-gioveni-a-quando-la-delibera\/","title":{"rendered":"Esenzione canoni alloggi popolari, Gioveni: &quot;A quando la delibera?&quot;"},"content":{"rendered":"<p>A quando la delibera relativa all\u2019esenzione dai canoni degli alloggi popolari? Possiamo sintetizzare cos\u00ec il quesito avanzato dal consigliere comunale Libero Gioveni alla giunta De Luca.<br \/>\n&#8220;Rimane ancora valida la promessa del sindaco De Luca fatta durante il lockdown di esentare gli inquilini degli alloggi popolari del relativo canone di locazione fino a dicembre 2020?&#8221;, si chiede Gioveni che, dopo aver sollevato nel giugno scorso all&#8217;assessore alle Politiche della casa Alessandra Calafiore questo interrogativo, chiede adesso di fare chiarezza su ci\u00f2 che era stato annunciato dal primo cittadino durante le sue dirette serali.<br \/>\n\u201cPer esentare o ridurre i tributi occorrono le delibere &#8211; chiarisce Gioveni &#8211; cos\u00ec come \u00e8 stato fatto ultimamente con la moratoria per Tari e Imu, avendo la copertura finanziaria in Bilancio, perch\u00e9 se agli annunci non si susseguono i fatti le conseguenze possono lasciare degli strascichi anche di natura contabile. Infatti, la principale conseguenza di questa incerta vicenda \u00e8 appunto il totale disorientamento regnante fra gli inquilini, alcuni dei quali non sta affatto pagando il canone (con relativa mancata entrata per l&#8217;Ente qualora l&#8217;atto deliberativo non venisse alla fine esitato), mentre altri invece continuano a pagare chiedendosi semmai recupereranno un giorno queste somme o se andrebbero a compensazione.<br \/>\n\u201cPer non parlare poi degli alloggi di propriet\u00e0 di ARISME per la quale vi \u00e8 in atto da parte del Consiglio Comunale l&#8217;approvazione del relativo Bilancio di Previsione 2020 con lo specifico capitolo dei fitti attivi &#8211; insiste il consigliere comunale &#8211; laddove anche lo stesso Presidente Scurria ha ammesso un calo delle entrate e che non sa ancora se gli inquilini potranno godere di questa agevolazione.<br \/>\n\u201cChiedo quindi &#8211; conclude Gioveni &#8211; che la Giunta esiti immediatamente la delibera di esenzione cos\u00ec come annunciato dal sindaco, altrimenti si dica chiaramente e subito che &#8220;si \u00e8 scherzato&#8221; e ci si assuma la responsabilit\u00e0 politica di una promessa non mantenuta!\u201d.<div id=\"div-gpt-ad-Messinaoggi.it-DSK-300x250-corpoart\" style=\"text-align:center;margin:0 auto;\"><\/div><\/p>\n<div id=\"videoincontent\" style=\"clear:both\";><\/div>","protected":false},"excerpt":{"rendered":"<p>A quando la delibera relativa all\u2019esenzione dai canoni degli alloggi popolari? Possiamo sintetizzare cos\u00ec il quesito avanzato dal consigliere comunale Libero Gioveni alla giunta De Luca. &#8220;Rimane ancora valida la promessa del sindaco De Luca fatta durante il lockdown di esentare gli inquilini degli alloggi popolari del relativo canone di locazione fino a dicembre 2020?&#8221;, [&hellip;]<\/p>\n","protected":false},"author":8,"featured_media":23000,"comment_status":"closed","ping_status":"closed","sticky":false,"template":"","format":"standard","meta":{"ub_ctt_via":"","_mi_skip_tracking":false},"categories":[4],"tags":[],"featured_image_src":"https:\/\/www.messinaoggi.it\/website\/wp-content\/uploads\/2018\/08\/gioveni-1.jpg","author_info":{"display_name":"red..me","author_link":"https:\/\/www.messinaoggi.it\/website\/author\/redstage\/"},"digistream_id":0,"digistream":false,"_links":{"self":[{"href":"https:\/\/www.messinaoggi.it\/website\/wp-json\/wp\/v2\/posts\/46124"}],"collection":[{"href":"https:\/\/www.messinaoggi.it\/website\/wp-json\/wp\/v2\/posts"}],"about":[{"href":"https:\/\/www.messinaoggi.it\/website\/wp-json\/wp\/v2\/types\/post"}],"author":[{"embeddable":true,"href":"https:\/\/www.messinaoggi.it\/website\/wp-json\/wp\/v2\/users\/8"}],"replies":[{"embeddable":true,"href":"https:\/\/www.messinaoggi.it\/website\/wp-json\/wp\/v2\/comments?post=46124"}],"version-history":[{"count":0,"href":"https:\/\/www.messinaoggi.it\/website\/wp-json\/wp\/v2\/posts\/46124\/revisions"}],"wp:featuredmedia":[{"embeddable":true,"href":"https:\/\/www.messinaoggi.it\/website\/wp-json\/wp\/v2\/media\/23000"}],"wp:attachment":[{"href":"https:\/\/www.messinaoggi.it\/website\/wp-json\/wp\/v2\/media?parent=46124"}],"wp:term":[{"taxonomy":"category","embeddable":true,"href":"https:\/\/www.messinaoggi.it\/website\/wp-json\/wp\/v2\/categories?post=46124"},{"taxonomy":"post_tag","embeddable":true,"href":"https:\/\/www.messinaoggi.it\/website\/wp-json\/wp\/v2\/tags?post=46124"}],"curies":[{"name":"wp","href":"https:\/\/api.w.org\/{rel}","templated":true}]}}