{"id":46106,"date":"2020-08-04T01:40:43","date_gmt":"2020-08-03T23:40:43","guid":{"rendered":"https:\/\/www.messinaoggi.it\/website\/?p=46106"},"modified":"2020-08-04T01:40:43","modified_gmt":"2020-08-03T23:40:43","slug":"karting-weekend-entusiasmante-per-lautomobilismo-siciliano","status":"publish","type":"post","link":"https:\/\/www.messinaoggi.it\/website\/2020\/08\/04\/karting-weekend-entusiasmante-per-lautomobilismo-siciliano\/","title":{"rendered":"KARTING &#8211; Weekend entusiasmante per l&#039;automobilismo siciliano"},"content":{"rendered":"<div id=\"xandmail_widget_layout_ContentPane_3\" class=\"view_msgBody dijitContentPane dijitSplitContainer-child dijitSplitContainer-dijitContentPane dijitSplitPane\" dir=\"ltr\" title=\"\" role=\"group\">\n<div id=\"msgText_preview61267\" dir=\"ltr\">\n<div class=\"xam_msg_class\">\n<div dir=\"ltr\">\n<h6 class=\"gmail-Heading4\" style=\"text-align: justify\" align=\"center\"><b><i>Splendido weekend per i colori della Trinacria con Gabriele Min\u00ec<\/i><\/b><b><i>\u00a0<\/i><\/b><b><i>che esalta l\u2019intero ambiente\u00a0 compiendo un capolavoro al suo esordio automobilistico di Misano in Italian F.4 Championship powered by Abarth<\/i><\/b><\/h6>\n<h6 class=\"gmail-Heading4\" style=\"text-align: justify\" align=\"center\"><b><i>Il messinese Sebastiano De Matteo fa centro nel karting a Siena e Michele Puglisi sale sul podio dello Slalom Tricolore di Melfi<\/i><\/b><\/h6>\n<h6 class=\"gmail-Heading4\" style=\"text-align: justify\" align=\"center\"><b><i>Soddisfazione da parte della Delegazione Regionale ACI SPORT \u201corgogliosi dei nostri piloti\u201d<\/i><\/b><\/h6>\n<h6 class=\"gmail-Heading4\" style=\"text-align: justify\" align=\"center\"><b><i>\u00a0<\/i><\/b><\/h6>\n<p class=\"gmail-Heading4\">E\u2019 stato un fine settimana di gloria su tutti i campi di gara quello appena trascorso per l\u2019automobilismo Siciliano che \u00e8 andato subito a segno con i suoi piloti impegnati oltre stretto e che a breve offrir\u00e0 in loco eventi di grande prestigio. Sono infatti ormai in rampa di lancio Il Campionato Italiano karting a Triscina e il Rally del Tirreno, valevole per la Coppa Rally di Zona, nonch\u00e9 il Tirreno Historic Rally, valevole per il TRZ 4\u00b0zona.<div id=\"div-gpt-ad-Messinaoggi.it-DSK-300x250-corpoart\" style=\"text-align:center;margin:0 auto;\"><\/div><\/p>\n<p class=\"gmail-Heading4\">La doppia kermesse messinese \u00a0aprir\u00e0 la stagione delle gare su strada in Sicilia, in attesa di poter vedere all\u2019opera anche gli slalomisti che dovranno attendere il 23 Agosto quando si disputer\u00e0 in provincia di Palermo lo Slalom di Altofonte &#8211; Rebuttone che sar\u00e0 valido per la Coppa di zona e per il Campionato Siciliano.<div id=\"videoincontent\" style=\"clear:both\";><\/div><\/p>\n<p class=\"gmail-Heading4\">Il debutto del giovanissimo palermitano Gabriele Min\u00ec in Formula 4 ha tenuto gli appassionati di motori letteralmente \u201cappiccicati\u201d ai teleschermi e ne \u00e8 valsa davvero la pena visto i risultati.<\/p>\n<p class=\"gmail-Heading4\">Gabriele \u00e8 stato strepitoso sin dalle qualifiche con 3 pole perentorie, il fantastico successo di gara 1 e il podio di gara 3. Encomiabile il suo gesto di sventolare la bandiera della Trinacria appena \u00a0dopo la vittoria che lo fa \u201cgrande oltremodo\u201d.<\/p>\n<p class=\"gmail-Heading4\">Nella stessa giornata di domenica ha fatto centro nel karting l\u2019esperto messinese Sebastiano De Matteo, vincendo a Siena la gara di Campionato Regionale di categoria KZN Over che precede il campionato Italiano in programma sulla stessa pista in prova unica il 13 Settembre.<\/p>\n<p class=\"gmail-Heading4\">E ancora da segnalare l\u2019ottima prestazione del catanese di Giarre Michele Puglisi su Radical che, allo slalom di Melfi, gara di apertura di Campionato Italiano Slalom, ha sfiorato il successo pieno, raccogliendo comunque punti preziosi in vista delle prossime gare della serie Tricolore, tre delle quali si svolgeranno in Sicilia.<\/p>\n<div id=\"attachment_46107\" style=\"width: 474px\" class=\"wp-caption alignright\"><img aria-describedby=\"caption-attachment-46107\" loading=\"lazy\" class=\" wp-image-46107\" src=\"https:\/\/www.messinaoggi.it\/website\/wp-content\/uploads\/2020\/08\/PODIO-SEBA-1-300x229.jpg\" alt=\"\" width=\"464\" height=\"354\" \/><p id=\"caption-attachment-46107\" class=\"wp-caption-text\">Il podio di gara<\/p><\/div>\n<p class=\"gmail-Heading4\">Fasi alterne hanno avuto le altre partecipazioni di altissimo livello internazionale di piloti siciliani. I fratelli Nucita , che erano indicati fra i protagonisti di spicco al Rally di Alba valido per il campionato Italiano WRC , sono stati immediatamente fermati da un problema tecnico, \u00a0mentre i kartisti Alfio Spina e Michael Paparo,\u00a0 erano impegnati a Zuera in Spagna nella prima prova del Campionato Europeo, potevano ambire ad un risultato pi\u00f9 proficuo dopo le buone qualificazioni.<\/p>\n<p class=\"gmail-Heading4\">Armando Battaglia, delegato regionale Aci Sport Sicilia e referente per il kart, ha commentato\u00a0<i>\u201d ci sono solo parole di orgoglio e gratificazione per esprimere le sensazioni ricevute grazie a questi successi. Come delegato regionale, si tratta di \u00a0grandi soddisfazioni che premiano il lavoro di tutti per aver curato il vivaio e al tempo stesso aver permesso a chi crescendo ha continuato a tenere alto il nome della Sicilia. Come appassionato posso dire di aver fatto il tifo personalmente per Gabriele Min\u00ec, che \u00e8 riuscito a mettere insieme una grande professionalit\u00e0 e altrettanta umilt\u00e0 che ne fanno un ragazzo modello. Adesso siamo pronti agli imminenti impegni sul nostro territorio per i quali con gli organizzatori stiamo lavorando intensamente affinch\u00e9 si \u00a0tutto si svolga in massima sicurezza\u201d.<\/i><\/p>\n<\/div>\n<\/div>\n<\/div>\n<\/div>\n<div id=\"xandmail_widget_layout_ContentPane_4\" class=\"dijitContentPane dijitSplitContainer-child dijitSplitContainer-dijitContentPane dijitSplitPane\" dir=\"ltr\" title=\"\" role=\"group\"><\/div>\n","protected":false},"excerpt":{"rendered":"<p>Splendido weekend per i colori della Trinacria con Gabriele Min\u00ec\u00a0che esalta l\u2019intero ambiente\u00a0 compiendo un capolavoro al suo esordio automobilistico di Misano in Italian F.4 Championship powered by Abarth Il messinese Sebastiano De Matteo fa centro nel karting a Siena e Michele Puglisi sale sul podio dello Slalom Tricolore di Melfi Soddisfazione da parte della [&hellip;]<\/p>\n","protected":false},"author":17,"featured_media":46108,"comment_status":"closed","ping_status":"closed","sticky":false,"template":"","format":"standard","meta":{"ub_ctt_via":"","_mi_skip_tracking":false},"categories":[8,9],"tags":[288,163],"featured_image_src":"https:\/\/www.messinaoggi.it\/website\/wp-content\/uploads\/2020\/08\/Gabriele-1-scaled-1.jpg","author_info":{"display_name":"Giuseppe Luppino","author_link":"https:\/\/www.messinaoggi.it\/website\/author\/g-luppino\/"},"digistream_id":0,"digistream":false,"_links":{"self":[{"href":"https:\/\/www.messinaoggi.it\/website\/wp-json\/wp\/v2\/posts\/46106"}],"collection":[{"href":"https:\/\/www.messinaoggi.it\/website\/wp-json\/wp\/v2\/posts"}],"about":[{"href":"https:\/\/www.messinaoggi.it\/website\/wp-json\/wp\/v2\/types\/post"}],"author":[{"embeddable":true,"href":"https:\/\/www.messinaoggi.it\/website\/wp-json\/wp\/v2\/users\/17"}],"replies":[{"embeddable":true,"href":"https:\/\/www.messinaoggi.it\/website\/wp-json\/wp\/v2\/comments?post=46106"}],"version-history":[{"count":0,"href":"https:\/\/www.messinaoggi.it\/website\/wp-json\/wp\/v2\/posts\/46106\/revisions"}],"wp:featuredmedia":[{"embeddable":true,"href":"https:\/\/www.messinaoggi.it\/website\/wp-json\/wp\/v2\/media\/46108"}],"wp:attachment":[{"href":"https:\/\/www.messinaoggi.it\/website\/wp-json\/wp\/v2\/media?parent=46106"}],"wp:term":[{"taxonomy":"category","embeddable":true,"href":"https:\/\/www.messinaoggi.it\/website\/wp-json\/wp\/v2\/categories?post=46106"},{"taxonomy":"post_tag","embeddable":true,"href":"https:\/\/www.messinaoggi.it\/website\/wp-json\/wp\/v2\/tags?post=46106"}],"curies":[{"name":"wp","href":"https:\/\/api.w.org\/{rel}","templated":true}]}}